{"id":87297,"date":"2025-02-06T18:39:32","date_gmt":"2025-02-07T00:39:32","guid":{"rendered":"https:\/\/www.interaccionnoticias.com.mx\/?p=87297"},"modified":"2025-02-06T18:39:34","modified_gmt":"2025-02-07T00:39:34","slug":"era-policia-del-estado-el-hombre-asesinado-en-el-fraccionamiento-suspeg-de-chilpancingo","status":"publish","type":"post","link":"https:\/\/www.interaccionnoticias.com.mx\/?p=87297","title":{"rendered":"Era Polic\u00eda del Estado, el hombre asesinado en el fraccionamiento SUSPEG de Chilpancingo"},"content":{"rendered":"\n<p><strong><em>&#8212; Era parte del Grupo de Reacci\u00f3n Inmediata \u201cCentuaro\u201d<\/em><\/strong><\/p>\n\n\n\n<p><strong>Jes\u00fas Dorantes<\/strong><\/p>\n\n\n\n<p>Chilpancingo, Gro.- Un elemento de la Polic\u00eda del Estado fue asesinado a balazos en el fraccionamiento SUSPEG, ubicado en la zona norte de la capital del estado.<\/p>\n\n\n\n<p>El crimen se registr\u00f3 pasado el mediod\u00eda de este jueves 6 de febrero luego de que se reportaran disparos de arma de fuego.<\/p>\n\n\n\n<p>Los primeros reportes los hicieron vecinos de la calle Monta\u00f1a, quienes dijeron a la polic\u00eda que se hab\u00edan escuchado detonaciones de arma de fuego.<\/p>\n\n\n\n<p>Despu\u00e9s, se indic\u00f3 que hab\u00eda un hombre herido, tirado sobre la calle.<\/p>\n\n\n\n<p>Luego de que param\u00e9dicos de la Cruz Roja acudieron al lugar, se confirm\u00f3 que la v\u00edctima hab\u00eda fallecido debido a las heridas de arma de fuego.<\/p>\n\n\n\n<p>Personal de la Secretar\u00eda de Seguridad P\u00fablica (SSP), la Guardia Nacional (GN) y la Fiscal\u00eda General del Estado (FGE) acordonaron la zona para realizar las investigaciones correspondientes.<\/p>\n\n\n\n<p>Entrada la tarde, la Secretar\u00eda de Seguridad P\u00fablica del Estado de Guerrero (SSPGro) difundi\u00f3 una esquela, en la que confirma que la v\u00edctima del ataque fue el oficial Alfredo Galindo Valente, quien formaba parte del Grupo de Reacci\u00f3n Inmediata \u201cCentauro\u201d.<\/p>\n\n\n\n<p>Se confirm\u00f3 que Galindo Valente se encontraba fuera de servicio, ya que recientemente hab\u00eda sufrido un accidente y se le hab\u00eda dado la incapacidad temporal.<\/p>\n\n\n\n<p>La SSPGro manifest\u00f3 sus condolencias a la familia del elemento asesinado, en tanto que la Fiscal\u00eda General del Estado (FGE) confirm\u00f3 la integraci\u00f3n de la carpeta de investigaci\u00f3n correspondiente.<\/p>\n\n\n\n<div class=\"wp-block-jetpack-slideshow aligncenter\" data-effect=\"slide\"><div class=\"wp-block-jetpack-slideshow_container swiper-container\"><ul class=\"wp-block-jetpack-slideshow_swiper-wrapper swiper-wrapper\"><li class=\"wp-block-jetpack-slideshow_slide swiper-slide\"><figure><img decoding=\"async\" src=\"data:image\/gif;base64,R0lGODlhAQABAIAAAAAAAP\/\/\/ywAAAAAAQABAAACAUwAOw==\" fifu-lazy=\"1\" fifu-data-sizes=\"auto\" fifu-data-srcset=\"https:\/\/i2.wp.com\/www.interaccionnoticias.com.mx\/wp-content\/uploads\/2025\/02\/250206-Policia-del-Estado-2-683x1024.jpg?ssl=1&w=75&resize=75&ssl=1 75w, https:\/\/i2.wp.com\/www.interaccionnoticias.com.mx\/wp-content\/uploads\/2025\/02\/250206-Policia-del-Estado-2-683x1024.jpg?ssl=1&w=100&resize=100&ssl=1 100w, https:\/\/i2.wp.com\/www.interaccionnoticias.com.mx\/wp-content\/uploads\/2025\/02\/250206-Policia-del-Estado-2-683x1024.jpg?ssl=1&w=150&resize=150&ssl=1 150w, https:\/\/i2.wp.com\/www.interaccionnoticias.com.mx\/wp-content\/uploads\/2025\/02\/250206-Policia-del-Estado-2-683x1024.jpg?ssl=1&w=240&resize=240&ssl=1 240w, https:\/\/i2.wp.com\/www.interaccionnoticias.com.mx\/wp-content\/uploads\/2025\/02\/250206-Policia-del-Estado-2-683x1024.jpg?ssl=1&w=320&resize=320&ssl=1 320w, https:\/\/i2.wp.com\/www.interaccionnoticias.com.mx\/wp-content\/uploads\/2025\/02\/250206-Policia-del-Estado-2-683x1024.jpg?ssl=1&w=500&resize=500&ssl=1 500w, https:\/\/i2.wp.com\/www.interaccionnoticias.com.mx\/wp-content\/uploads\/2025\/02\/250206-Policia-del-Estado-2-683x1024.jpg?ssl=1&w=640&resize=640&ssl=1 640w, https:\/\/i2.wp.com\/www.interaccionnoticias.com.mx\/wp-content\/uploads\/2025\/02\/250206-Policia-del-Estado-2-683x1024.jpg?ssl=1&w=800&resize=800&ssl=1 800w, https:\/\/i2.wp.com\/www.interaccionnoticias.com.mx\/wp-content\/uploads\/2025\/02\/250206-Policia-del-Estado-2-683x1024.jpg?ssl=1&w=1024&resize=1024&ssl=1 1024w, https:\/\/i2.wp.com\/www.interaccionnoticias.com.mx\/wp-content\/uploads\/2025\/02\/250206-Policia-del-Estado-2-683x1024.jpg?ssl=1&w=1280&resize=1280&ssl=1 1280w, https:\/\/i2.wp.com\/www.interaccionnoticias.com.mx\/wp-content\/uploads\/2025\/02\/250206-Policia-del-Estado-2-683x1024.jpg?ssl=1&w=1600&resize=1600&ssl=1 1600w\" alt=\"\" class=\"wp-block-jetpack-slideshow_image wp-image-87298\" data-id=\"87298\" fifu-data-src=\"https:\/\/i2.wp.com\/www.interaccionnoticias.com.mx\/wp-content\/uploads\/2025\/02\/250206-Policia-del-Estado-2-683x1024.jpg?ssl=1\"\/><\/figure><\/li><li class=\"wp-block-jetpack-slideshow_slide swiper-slide\"><figure><img decoding=\"async\" src=\"data:image\/gif;base64,R0lGODlhAQABAIAAAAAAAP\/\/\/ywAAAAAAQABAAACAUwAOw==\" fifu-lazy=\"1\" fifu-data-sizes=\"auto\" fifu-data-srcset=\"https:\/\/i0.wp.com\/www.interaccionnoticias.com.mx\/wp-content\/uploads\/2025\/02\/250206-Policia-del-Estado-1-1024x683.jpg?ssl=1&w=75&resize=75&ssl=1 75w, https:\/\/i0.wp.com\/www.interaccionnoticias.com.mx\/wp-content\/uploads\/2025\/02\/250206-Policia-del-Estado-1-1024x683.jpg?ssl=1&w=100&resize=100&ssl=1 100w, https:\/\/i0.wp.com\/www.interaccionnoticias.com.mx\/wp-content\/uploads\/2025\/02\/250206-Policia-del-Estado-1-1024x683.jpg?ssl=1&w=150&resize=150&ssl=1 150w, https:\/\/i0.wp.com\/www.interaccionnoticias.com.mx\/wp-content\/uploads\/2025\/02\/250206-Policia-del-Estado-1-1024x683.jpg?ssl=1&w=240&resize=240&ssl=1 240w, https:\/\/i0.wp.com\/www.interaccionnoticias.com.mx\/wp-content\/uploads\/2025\/02\/250206-Policia-del-Estado-1-1024x683.jpg?ssl=1&w=320&resize=320&ssl=1 320w, https:\/\/i0.wp.com\/www.interaccionnoticias.com.mx\/wp-content\/uploads\/2025\/02\/250206-Policia-del-Estado-1-1024x683.jpg?ssl=1&w=500&resize=500&ssl=1 500w, https:\/\/i0.wp.com\/www.interaccionnoticias.com.mx\/wp-content\/uploads\/2025\/02\/250206-Policia-del-Estado-1-1024x683.jpg?ssl=1&w=640&resize=640&ssl=1 640w, https:\/\/i0.wp.com\/www.interaccionnoticias.com.mx\/wp-content\/uploads\/2025\/02\/250206-Policia-del-Estado-1-1024x683.jpg?ssl=1&w=800&resize=800&ssl=1 800w, https:\/\/i0.wp.com\/www.interaccionnoticias.com.mx\/wp-content\/uploads\/2025\/02\/250206-Policia-del-Estado-1-1024x683.jpg?ssl=1&w=1024&resize=1024&ssl=1 1024w, https:\/\/i0.wp.com\/www.interaccionnoticias.com.mx\/wp-content\/uploads\/2025\/02\/250206-Policia-del-Estado-1-1024x683.jpg?ssl=1&w=1280&resize=1280&ssl=1 1280w, https:\/\/i0.wp.com\/www.interaccionnoticias.com.mx\/wp-content\/uploads\/2025\/02\/250206-Policia-del-Estado-1-1024x683.jpg?ssl=1&w=1600&resize=1600&ssl=1 1600w\" alt=\"\" class=\"wp-block-jetpack-slideshow_image wp-image-87299\" data-id=\"87299\" fifu-data-src=\"https:\/\/i0.wp.com\/www.interaccionnoticias.com.mx\/wp-content\/uploads\/2025\/02\/250206-Policia-del-Estado-1-1024x683.jpg?ssl=1\"\/><\/figure><\/li><\/ul><a class=\"wp-block-jetpack-slideshow_button-prev swiper-button-prev swiper-button-white\" role=\"button\"><\/a><a class=\"wp-block-jetpack-slideshow_button-next swiper-button-next swiper-button-white\" role=\"button\"><\/a><a aria-label=\"Pause Slideshow\" class=\"wp-block-jetpack-slideshow_button-pause\" role=\"button\"><\/a><div class=\"wp-block-jetpack-slideshow_pagination swiper-pagination swiper-pagination-white\"><\/div><\/div><\/div>\n","protected":false},"excerpt":{"rendered":"<p>&#8212; Era parte del Grupo de Reacci\u00f3n Inmediata \u201cCentuaro\u201d Jes\u00fas Dorantes Chilpancingo, Gro.- Un elemento de la Polic\u00eda del Estado fue asesinado a balazos en el fraccionamiento SUSPEG, ubicado en&hellip; <\/p>\n","protected":false},"author":19,"featured_media":87299,"comment_status":"open","ping_status":"open","sticky":false,"template":"","format":"standard","meta":{"fifu_image_url":"","fifu_image_alt":"","footnotes":""},"categories":[11],"tags":[],"class_list":["post-87297","post","type-post","status-publish","format-standard","has-post-thumbnail","hentry","category-guerrero"],"_links":{"self":[{"href":"https:\/\/www.interaccionnoticias.com.mx\/index.php?rest_route=\/wp\/v2\/posts\/87297","targetHints":{"allow":["GET"]}}],"collection":[{"href":"https:\/\/www.interaccionnoticias.com.mx\/index.php?rest_route=\/wp\/v2\/posts"}],"about":[{"href":"https:\/\/www.interaccionnoticias.com.mx\/index.php?rest_route=\/wp\/v2\/types\/post"}],"author":[{"embeddable":true,"href":"https:\/\/www.interaccionnoticias.com.mx\/index.php?rest_route=\/wp\/v2\/users\/19"}],"replies":[{"embeddable":true,"href":"https:\/\/www.interaccionnoticias.com.mx\/index.php?rest_route=%2Fwp%2Fv2%2Fcomments&post=87297"}],"version-history":[{"count":1,"href":"https:\/\/www.interaccionnoticias.com.mx\/index.php?rest_route=\/wp\/v2\/posts\/87297\/revisions"}],"predecessor-version":[{"id":87300,"href":"https:\/\/www.interaccionnoticias.com.mx\/index.php?rest_route=\/wp\/v2\/posts\/87297\/revisions\/87300"}],"wp:featuredmedia":[{"embeddable":true,"href":"https:\/\/www.interaccionnoticias.com.mx\/index.php?rest_route=\/wp\/v2\/media\/87299"}],"wp:attachment":[{"href":"https:\/\/www.interaccionnoticias.com.mx\/index.php?rest_route=%2Fwp%2Fv2%2Fmedia&parent=87297"}],"wp:term":[{"taxonomy":"category","embeddable":true,"href":"https:\/\/www.interaccionnoticias.com.mx\/index.php?rest_route=%2Fwp%2Fv2%2Fcategories&post=87297"},{"taxonomy":"post_tag","embeddable":true,"href":"https:\/\/www.interaccionnoticias.com.mx\/index.php?rest_route=%2Fwp%2Fv2%2Ftags&post=87297"}],"curies":[{"name":"wp","href":"https:\/\/api.w.org\/{rel}","templated":true}]}}