{"id":87264,"date":"2025-02-06T11:53:31","date_gmt":"2025-02-06T17:53:31","guid":{"rendered":"https:\/\/www.interaccionnoticias.com.mx\/?p=87264"},"modified":"2025-02-06T12:02:17","modified_gmt":"2025-02-06T18:02:17","slug":"asegura-titular-de-la-seg-que-ya-se-atienden-las-escuelas-consideradas-como-foco-rojo","status":"publish","type":"post","link":"https:\/\/www.interaccionnoticias.com.mx\/?p=87264","title":{"rendered":"Asegura titular de la SEG que ya se atienden las escuelas consideradas como \u201cfoco rojo\u201d"},"content":{"rendered":"\n<p><strong>&#8212; Ante las protestas generadas en Monta\u00f1a y Costa Chica, particularmente por la no asignaci\u00f3n de profesores<\/strong><\/p>\n\n\n\n<p><strong>Rogelio Agust\u00edn<\/strong><\/p>\n\n\n\n<p>El titular de la Secretar\u00eda de Educaci\u00f3n Guerrero (SEG), Ricardo Castillo Pe\u00f1a sostuvo que se encuentra atendiendo los \u201cfocos rojos\u201d que han provocado la movilizaci\u00f3n de profesores, personal de apoyo y padres de familia en diferentes regiones de la entidad.<\/p>\n\n\n\n<p>En Chilpancingo, el responsable del sector educativo en la entidad acudi\u00f3 a dialogar con un grupo de profesores de la Normal Rural de Ayotzinapa, que protestaron para exigir el cumplimiento de acuerdos ya pactados con la Subsecretar\u00eda de Administraci\u00f3n y Finanzas.<\/p>\n\n\n\n<p>Antes de entrar a la reuni\u00f3n, habl\u00f3 sobre las movilizaciones registradas el pasado martes 4 de febrero en los municipios de San Luis Acatl\u00e1n y Marquelia, en la Costa Chica de la entidad, donde los padres de familia reclaman la asignaci\u00f3n de profesores.<\/p>\n\n\n\n<p>Anticip\u00f3 que el pr\u00f3ximo lunes 10 de febrero se realizar\u00e1 la asignaci\u00f3n de profesores para las escuelas de Buena Vista y R\u00edo Huapa, pero adem\u00e1s se canalizar\u00e1n profesores hacia Yextla, en el municipio de Leonardo Bravo y Alpoyeca, en la regi\u00f3n Monta\u00f1a.<\/p>\n\n\n\n<p>Anticip\u00f3 tambi\u00e9n que la pr\u00f3xima semana estar\u00e1 en Chichihualco, cabecera municipal de Leonardo Bravo, a invitaci\u00f3n del director del Colegio de Bachilleres, donde aprovechar\u00e1 para revisar el funcionamiento de los dem\u00e1s niveles educativos.<\/p>\n\n\n\n<p>A una semana de que asumiera el cargo, tras la renuncia del doctor Marcial Rodr\u00edguez Salda\u00f1a, Castillo Pe\u00f1a sostuvo que los asuntos que propician la movilizaci\u00f3n de maestros y hasta padres de familia se est\u00e1n atendiendo.<\/p>\n\n\n\n<p>\u201cUstedes van a ver que escuelas que estaban consideradas como focos rojos se est\u00e1n atendiendo, porque la gobernadora (Evelyn Salgado Pineda) cuando me tom\u00f3 protesta me encarg\u00f3 mucho que atendi\u00e9ramos esos temas y ya estamos empezando\u201d, anot\u00f3.<\/p>\n","protected":false},"excerpt":{"rendered":"<p>&#8212; Ante las protestas generadas en Monta\u00f1a y Costa Chica, particularmente por la no asignaci\u00f3n de profesores Rogelio Agust\u00edn El titular de la Secretar\u00eda de Educaci\u00f3n Guerrero (SEG), Ricardo Castillo&hellip; <\/p>\n","protected":false},"author":21,"featured_media":87265,"comment_status":"open","ping_status":"open","sticky":true,"template":"","format":"standard","meta":{"fifu_image_url":"","fifu_image_alt":"","footnotes":""},"categories":[6],"tags":[],"class_list":["post-87264","post","type-post","status-publish","format-standard","has-post-thumbnail","hentry","category-educacion"],"_links":{"self":[{"href":"https:\/\/www.interaccionnoticias.com.mx\/index.php?rest_route=\/wp\/v2\/posts\/87264","targetHints":{"allow":["GET"]}}],"collection":[{"href":"https:\/\/www.interaccionnoticias.com.mx\/index.php?rest_route=\/wp\/v2\/posts"}],"about":[{"href":"https:\/\/www.interaccionnoticias.com.mx\/index.php?rest_route=\/wp\/v2\/types\/post"}],"author":[{"embeddable":true,"href":"https:\/\/www.interaccionnoticias.com.mx\/index.php?rest_route=\/wp\/v2\/users\/21"}],"replies":[{"embeddable":true,"href":"https:\/\/www.interaccionnoticias.com.mx\/index.php?rest_route=%2Fwp%2Fv2%2Fcomments&post=87264"}],"version-history":[{"count":2,"href":"https:\/\/www.interaccionnoticias.com.mx\/index.php?rest_route=\/wp\/v2\/posts\/87264\/revisions"}],"predecessor-version":[{"id":87269,"href":"https:\/\/www.interaccionnoticias.com.mx\/index.php?rest_route=\/wp\/v2\/posts\/87264\/revisions\/87269"}],"wp:featuredmedia":[{"embeddable":true,"href":"https:\/\/www.interaccionnoticias.com.mx\/index.php?rest_route=\/wp\/v2\/media\/87265"}],"wp:attachment":[{"href":"https:\/\/www.interaccionnoticias.com.mx\/index.php?rest_route=%2Fwp%2Fv2%2Fmedia&parent=87264"}],"wp:term":[{"taxonomy":"category","embeddable":true,"href":"https:\/\/www.interaccionnoticias.com.mx\/index.php?rest_route=%2Fwp%2Fv2%2Fcategories&post=87264"},{"taxonomy":"post_tag","embeddable":true,"href":"https:\/\/www.interaccionnoticias.com.mx\/index.php?rest_route=%2Fwp%2Fv2%2Ftags&post=87264"}],"curies":[{"name":"wp","href":"https:\/\/api.w.org\/{rel}","templated":true}]}}