{"id":87247,"date":"2025-02-05T18:32:10","date_gmt":"2025-02-06T00:32:10","guid":{"rendered":"https:\/\/www.interaccionnoticias.com.mx\/?p=87247"},"modified":"2025-02-05T18:32:12","modified_gmt":"2025-02-06T00:32:12","slug":"partidos-politicos-simulan-acciones-afirmativas","status":"publish","type":"post","link":"https:\/\/www.interaccionnoticias.com.mx\/?p=87247","title":{"rendered":"Partidos pol\u00edticos simulan acciones afirmativas"},"content":{"rendered":"\n<p><em><strong>&#8212; Acusa el Consejo Guerrerense Afromexicano<\/strong><\/em><\/p>\n\n\n\n<p><strong>Javier Trujillo<\/strong><\/p>\n\n\n\n<p><strong>Acapulco, Gro. \u2013<\/strong> Los partidos pol\u00edticos en M\u00e9xico y Guerrero solamente simulan en cuanto a las acciones afirmativas para la poblaci\u00f3n afromexicana, denunci\u00f3 el Coordinador ejecutivo del Consejo Guerrerense Afro Mexicano, Audel Urbina Serrano.<\/p>\n\n\n\n<p>\u201cPor el n\u00famero de poblaci\u00f3n afromexicana que se tiene, debe haber representaci\u00f3n afromexicana en el cabildo, en uno o dos distritos, solo como ejemplo en los distrito seis, siete y ocho local, son lugares donde m\u00e1s concentraci\u00f3n afro existe en Acapulco y han sido ignorados\u201d, reproch\u00f3 Audel Urbina.<\/p>\n\n\n\n<p>El representante, remarc\u00f3 que todos los partidos pol\u00edticos, entre ellos el Movimiento de Regeneraci\u00f3n Nacional (MORENA), y Movimiento Ciudadano, utilizan las grupos afromexicanos para aparentar cumplir con la ley, pero sin generar una atenci\u00f3n real en las comunidades afromexicanas.<\/p>\n\n\n\n<p>Urbina Serrano, afirm\u00f3 que es necesario implementar un mecanismo de auto adscripci\u00f3n calificada, que permita a todos los partidos pol\u00edticos retomar a los l\u00edderes que han estado luchando por el reconocimiento constitucional y sobre todo por la visibilizaci\u00f3n del pueblo afromexicano.<\/p>\n\n\n\n<p>En Acapulco, explic\u00f3 que el Consejo Guerrerense Afromexicano ha presentado un escrito al Instituto Estatal Electoral (INE) para demandar la representaci\u00f3n afromexicana en el cabildo porte\u00f1o. Sobre todo, porque no cuentan con un portavoz ante las autoridades gubernamentales.<\/p>\n\n\n\n<p>De acuerdo a datos del INEGI compartidos por el Consejo Guerrerense Afromexicano en Acapulco hay unas 80 mil personas afro, las cuales no tiene una representaci\u00f3n real en la ciudad.<\/p>\n\n\n\n<p>Adicionalmente enfrentan una gran desigualdad en sus lugares de residencia, sobre todo en infraestructura, servicios p\u00fablicos y oportunidades laborales.<\/p>\n\n\n\n<p>para concluir mencion\u00f3 que el acuerdo del Instituto Nacional Electoral, para las acciones afirmativas vendr\u00edan siendo para la poblaci\u00f3n ind\u00edgena, afromexicana, con discapacidad, miembros de la diversidad sexual y migrantes.<\/p>\n\n\n\n<p>Audel Urbina, dijo que dichas acciones son obligatorias para todos los partidos pol\u00edticos y que han sido objeto de discusiones internas en los \u00faltimos procesos electorales, pero no se les considera.<\/p>\n","protected":false},"excerpt":{"rendered":"<p>&#8212; Acusa el Consejo Guerrerense Afromexicano Javier Trujillo Acapulco, Gro. \u2013 Los partidos pol\u00edticos en M\u00e9xico y Guerrero solamente simulan en cuanto a las acciones afirmativas para la poblaci\u00f3n afromexicana,&hellip; <\/p>\n","protected":false},"author":3,"featured_media":87248,"comment_status":"open","ping_status":"open","sticky":false,"template":"","format":"standard","meta":{"fifu_image_url":"","fifu_image_alt":"","footnotes":""},"categories":[11],"tags":[],"class_list":["post-87247","post","type-post","status-publish","format-standard","has-post-thumbnail","hentry","category-guerrero"],"_links":{"self":[{"href":"https:\/\/www.interaccionnoticias.com.mx\/index.php?rest_route=\/wp\/v2\/posts\/87247","targetHints":{"allow":["GET"]}}],"collection":[{"href":"https:\/\/www.interaccionnoticias.com.mx\/index.php?rest_route=\/wp\/v2\/posts"}],"about":[{"href":"https:\/\/www.interaccionnoticias.com.mx\/index.php?rest_route=\/wp\/v2\/types\/post"}],"author":[{"embeddable":true,"href":"https:\/\/www.interaccionnoticias.com.mx\/index.php?rest_route=\/wp\/v2\/users\/3"}],"replies":[{"embeddable":true,"href":"https:\/\/www.interaccionnoticias.com.mx\/index.php?rest_route=%2Fwp%2Fv2%2Fcomments&post=87247"}],"version-history":[{"count":1,"href":"https:\/\/www.interaccionnoticias.com.mx\/index.php?rest_route=\/wp\/v2\/posts\/87247\/revisions"}],"predecessor-version":[{"id":87249,"href":"https:\/\/www.interaccionnoticias.com.mx\/index.php?rest_route=\/wp\/v2\/posts\/87247\/revisions\/87249"}],"wp:featuredmedia":[{"embeddable":true,"href":"https:\/\/www.interaccionnoticias.com.mx\/index.php?rest_route=\/wp\/v2\/media\/87248"}],"wp:attachment":[{"href":"https:\/\/www.interaccionnoticias.com.mx\/index.php?rest_route=%2Fwp%2Fv2%2Fmedia&parent=87247"}],"wp:term":[{"taxonomy":"category","embeddable":true,"href":"https:\/\/www.interaccionnoticias.com.mx\/index.php?rest_route=%2Fwp%2Fv2%2Fcategories&post=87247"},{"taxonomy":"post_tag","embeddable":true,"href":"https:\/\/www.interaccionnoticias.com.mx\/index.php?rest_route=%2Fwp%2Fv2%2Ftags&post=87247"}],"curies":[{"name":"wp","href":"https:\/\/api.w.org\/{rel}","templated":true}]}}