{"id":87241,"date":"2025-02-05T18:04:50","date_gmt":"2025-02-06T00:04:50","guid":{"rendered":"https:\/\/www.interaccionnoticias.com.mx\/?p=87241"},"modified":"2025-02-05T18:04:52","modified_gmt":"2025-02-06T00:04:52","slug":"en-10-dias-chilpancingo-contara-con-al-menos-10-camiones-de-basura-mas","status":"publish","type":"post","link":"https:\/\/www.interaccionnoticias.com.mx\/?p=87241","title":{"rendered":"En 10 d\u00edas Chilpancingo contar\u00e1 con al menos 10 camiones de basura m\u00e1s"},"content":{"rendered":"\n<p><em><strong>&#8212; A pesar de que la empresa que arrendada camiones al ayuntamiento ya los retir\u00f3, el servicio se sigue proporcionando: Gustavo Alarc\u00f3n<\/strong><\/em><\/p>\n\n\n\n<p><strong>Rosario Garc\u00eda Orozco<\/strong><\/p>\n\n\n\n<p>En 10 d\u00edas m\u00e1s, llegar\u00e1 a Chilpancingo una flotilla de al menos 10 camiones recolectores de basura, inform\u00f3 el el alcalde capitalino, Gustavo Alarc\u00f3n Herrera.<\/p>\n\n\n\n<p>Lo anterior, luego de los cuestionamientos de la ciudadan\u00eda en torno a la ausencia de los camiones comparadores que fueron renta dos en la administraci\u00f3n municipal anterior.<\/p>\n\n\n\n<p>\u201cLa recolecci\u00f3n de basura se est\u00e1 dando, tuvimos que meter camiones que no eran compactadores, pero que siguen llev\u00e1ndose la basura a su destino, desde luego va a ser un tema que va a quedar subsanado cuando vengan, que vea la poblaci\u00f3n toda una flotilla de camiones que van a estar recolectando los desechos\u201d.<\/p>\n\n\n\n<p>Sostuvo que la administraci\u00f3n que encabeza es responsable de verificar que los camiones cumplan con las caracter\u00edsticas necesarias para prestar un servicio efectivo y de transparentar su compra, \u201ctienen que entrar a concursos las empresas, no pueden ser asignaciones\u201d.<\/p>\n\n\n\n<p>Asegur\u00f3 que los recursos que se erogaban (en la administraci\u00f3n pasada) para ese servicio, eran muy elevados; \u201cyo no tengo nada que esconder\u201d, toda la informaci\u00f3n est\u00e1 a disposici\u00f3n.<\/p>\n\n\n\n<p>Refiri\u00f3 que los camiones que ya fueron retirados del servicio de recolecci\u00f3n de basura generaban un costo de 7 millones de pesos mensuales para el municipio, se trata de la renta de 30 unidades y una ambulancia, \u201clo que quer\u00edan cobrar era unas facturas estratosf\u00e9ricas, y por lo menos estos camiones fueron pagados tres veces por arriba su costo normal\u201d.<\/p>\n\n\n\n<p>Consider\u00f3 que si hubo o no irregularidades en el arrendamiento de ese servicio, ser\u00e1n las autoridades correspondientes las que lo determinen, \u00aba quien corresponde investigar es a los \u00f3rganos de control\u00bb.<\/p>\n\n\n\n<p>Dijo que si no han llegado las nuevas unidades es por los procedimientos legales que deben seguirse porque \u201crebasan una cantidad y esa cantidad es la que administrativamente tenemos que demostrar que se hace a trav\u00e9s de un problema de orden jur\u00eddico-legal\u201d.<\/p>\n\n\n\n<p>Insisti\u00f3 en que de momento no hay problema con el servicio de recolecci\u00f3n de basura, sin embargo, puntualizo que se limpia la ciudad que los mismos ciudadanos ensucian todos los d\u00edas, y cuya responsabilidad es compartida y no solamente del alcalde en turno.<\/p>\n\n\n\n<p>\u201cPareciera que me lo hacen a m\u00ed en lo personal, voy caminando y delante de mi tiran la basura, o los botos, o como dici\u00e9ndome rec\u00f3gelo, no hay ning\u00fan problema, lo recojo, para eso estoy para dar la funcionabilidad del servicios, lo que s\u00ed quiero decirte es que definitivamente ensuciar las calles es un da\u00f1o a nuestra ciudad\u00bb, lament\u00f3.<\/p>\n\n\n\n<p>Por ello, pidi\u00f3 a los ciudadanos cuidar la casa llamada Chilpancingo, con orden y equilibrio para con el medio ambiente y que el problema parte de la cultura y educaci\u00f3n que cada quien tenga desde su hogar, \u201cdebemos de ir haciendo ese cambio\u201d.<\/p>\n","protected":false},"excerpt":{"rendered":"<p>&#8212; A pesar de que la empresa que arrendada camiones al ayuntamiento ya los retir\u00f3, el servicio se sigue proporcionando: Gustavo Alarc\u00f3n Rosario Garc\u00eda Orozco En 10 d\u00edas m\u00e1s, llegar\u00e1&hellip; <\/p>\n","protected":false},"author":14,"featured_media":87242,"comment_status":"open","ping_status":"open","sticky":false,"template":"","format":"standard","meta":{"fifu_image_url":"","fifu_image_alt":"","footnotes":""},"categories":[13],"tags":[],"class_list":["post-87241","post","type-post","status-publish","format-standard","has-post-thumbnail","hentry","category-capital"],"_links":{"self":[{"href":"https:\/\/www.interaccionnoticias.com.mx\/index.php?rest_route=\/wp\/v2\/posts\/87241","targetHints":{"allow":["GET"]}}],"collection":[{"href":"https:\/\/www.interaccionnoticias.com.mx\/index.php?rest_route=\/wp\/v2\/posts"}],"about":[{"href":"https:\/\/www.interaccionnoticias.com.mx\/index.php?rest_route=\/wp\/v2\/types\/post"}],"author":[{"embeddable":true,"href":"https:\/\/www.interaccionnoticias.com.mx\/index.php?rest_route=\/wp\/v2\/users\/14"}],"replies":[{"embeddable":true,"href":"https:\/\/www.interaccionnoticias.com.mx\/index.php?rest_route=%2Fwp%2Fv2%2Fcomments&post=87241"}],"version-history":[{"count":1,"href":"https:\/\/www.interaccionnoticias.com.mx\/index.php?rest_route=\/wp\/v2\/posts\/87241\/revisions"}],"predecessor-version":[{"id":87243,"href":"https:\/\/www.interaccionnoticias.com.mx\/index.php?rest_route=\/wp\/v2\/posts\/87241\/revisions\/87243"}],"wp:featuredmedia":[{"embeddable":true,"href":"https:\/\/www.interaccionnoticias.com.mx\/index.php?rest_route=\/wp\/v2\/media\/87242"}],"wp:attachment":[{"href":"https:\/\/www.interaccionnoticias.com.mx\/index.php?rest_route=%2Fwp%2Fv2%2Fmedia&parent=87241"}],"wp:term":[{"taxonomy":"category","embeddable":true,"href":"https:\/\/www.interaccionnoticias.com.mx\/index.php?rest_route=%2Fwp%2Fv2%2Fcategories&post=87241"},{"taxonomy":"post_tag","embeddable":true,"href":"https:\/\/www.interaccionnoticias.com.mx\/index.php?rest_route=%2Fwp%2Fv2%2Ftags&post=87241"}],"curies":[{"name":"wp","href":"https:\/\/api.w.org\/{rel}","templated":true}]}}