{"id":87234,"date":"2025-02-05T17:52:08","date_gmt":"2025-02-05T23:52:08","guid":{"rendered":"https:\/\/www.interaccionnoticias.com.mx\/?p=87234"},"modified":"2025-02-05T17:52:10","modified_gmt":"2025-02-05T23:52:10","slug":"diputados-del-pri-revisaran-el-incremento-de-las-tarifas-del-agua-en-chilpancingo","status":"publish","type":"post","link":"https:\/\/www.interaccionnoticias.com.mx\/?p=87234","title":{"rendered":"Diputados del PRI revisar\u00e1n el incremento de las tarifas del agua en Chilpancingo"},"content":{"rendered":"\n<p><strong><em>&#8212; Los pri\u00edstas se comprometieron a revisar la Ley de Ingresos que aprobaron diciembre del a\u00f1o pasado, sin discusi\u00f3n no reservas<br>&#8212; Tambi\u00e9n buscar\u00e1n reuni\u00f3n con el alcalde Gustavo Alarc\u00f3n Herrera para pedirle una explicaci\u00f3n<\/em><\/strong><\/p>\n\n\n\n<p><strong>Yasm\u00edn Garc\u00eda<\/strong><\/p>\n\n\n\n<p>El Grupo Parlamentario del PRI en el Congreso local se comprometi\u00f3 a revisar la Ley de Ingresos del municipio de Chilpancingo, que contempla un incremento del 4.2 porciento en las tarifas de agua potable.<\/p>\n\n\n\n<p>Los diputados locales del tricolor tambi\u00e9n consideran la posibilidad de reunirse con el alcalde Gustavo Alarc\u00f3n Herrera, ante la inconformidad ciudadana derivada de incremento en 4.21 por ciento en las tarifas de agua potable en el municipio.<\/p>\n\n\n\n<p>Ante las quejas de ciudadanos del incremento de las tarifas del agua potable, a partir de la escasez en los hogares y la incongruencia que representa el incremento tarifario, se cuestion\u00f3 a los diputados locales sobre s\u00ed hubo una revisi\u00f3n al aprobar la ley de ingresos en diciembre del a\u00f1o pasado.<\/p>\n\n\n\n<p>El presidente de la Mesa Directiva, Jes\u00fas Parra Garc\u00eda se comprometi\u00f3 a estar pendiente de los comentarios de la poblaci\u00f3n y revisar la Ley de Ingresos de Chilpancingo, para en su momento, hacer un ajuste que impida a la poblaci\u00f3n sufrir un atropello.<\/p>\n\n\n\n<p>La diputada Pilar Badillo Ruiz dijo que desconoc\u00eda del aumento tarifario aprobado para Chilpancingo, por ello se comprometi\u00f3 a que la fracci\u00f3n del PRI se reunir\u00e1 con el alcalde Gustavo Alarc\u00f3n Herrera, para que les explique como era la tarifa antes y como est\u00e1 ahora, para ver si hay una justificaci\u00f3n en el incremento.<\/p>\n\n\n\n<p>Ante los cuestionamientos de que el incremento fue aprobado por el Congreso local, al aprobar la ley de ingresos, mencion\u00f3 que fue un trabajo colectivo de los 46 diputados, por ello justific\u00f3 que no est\u00e1 excento de que se le realicen observaciones.<\/p>\n\n\n\n<p>\u00abNadie camina con la bandera de la perfecci\u00f3n, no hay instituciones perfectas\u00bb, se justific\u00f3.<\/p>\n\n\n\n<p>En d\u00edas pasados, el alcalde Alarc\u00f3n Herrera declar\u00f3 a medios de comunicaci\u00f3n que el aumento se debe a los costos que genera la captaci\u00f3n y distribuci\u00f3n del agua, adem\u00e1s de que existe un adeudo con la Comisi\u00f3n Federal de Electricidad (CFE) que asciende a 14 millones de pesos, que no se pagaron en administraciones pasadas.<\/p>\n","protected":false},"excerpt":{"rendered":"<p>&#8212; Los pri\u00edstas se comprometieron a revisar la Ley de Ingresos que aprobaron diciembre del a\u00f1o pasado, sin discusi\u00f3n no reservas&#8212; Tambi\u00e9n buscar\u00e1n reuni\u00f3n con el alcalde Gustavo Alarc\u00f3n Herrera&hellip; <\/p>\n","protected":false},"author":32,"featured_media":87235,"comment_status":"open","ping_status":"open","sticky":false,"template":"","format":"standard","meta":{"fifu_image_url":"","fifu_image_alt":"","footnotes":""},"categories":[2],"tags":[],"class_list":["post-87234","post","type-post","status-publish","format-standard","has-post-thumbnail","hentry","category-congreso"],"_links":{"self":[{"href":"https:\/\/www.interaccionnoticias.com.mx\/index.php?rest_route=\/wp\/v2\/posts\/87234","targetHints":{"allow":["GET"]}}],"collection":[{"href":"https:\/\/www.interaccionnoticias.com.mx\/index.php?rest_route=\/wp\/v2\/posts"}],"about":[{"href":"https:\/\/www.interaccionnoticias.com.mx\/index.php?rest_route=\/wp\/v2\/types\/post"}],"author":[{"embeddable":true,"href":"https:\/\/www.interaccionnoticias.com.mx\/index.php?rest_route=\/wp\/v2\/users\/32"}],"replies":[{"embeddable":true,"href":"https:\/\/www.interaccionnoticias.com.mx\/index.php?rest_route=%2Fwp%2Fv2%2Fcomments&post=87234"}],"version-history":[{"count":1,"href":"https:\/\/www.interaccionnoticias.com.mx\/index.php?rest_route=\/wp\/v2\/posts\/87234\/revisions"}],"predecessor-version":[{"id":87236,"href":"https:\/\/www.interaccionnoticias.com.mx\/index.php?rest_route=\/wp\/v2\/posts\/87234\/revisions\/87236"}],"wp:featuredmedia":[{"embeddable":true,"href":"https:\/\/www.interaccionnoticias.com.mx\/index.php?rest_route=\/wp\/v2\/media\/87235"}],"wp:attachment":[{"href":"https:\/\/www.interaccionnoticias.com.mx\/index.php?rest_route=%2Fwp%2Fv2%2Fmedia&parent=87234"}],"wp:term":[{"taxonomy":"category","embeddable":true,"href":"https:\/\/www.interaccionnoticias.com.mx\/index.php?rest_route=%2Fwp%2Fv2%2Fcategories&post=87234"},{"taxonomy":"post_tag","embeddable":true,"href":"https:\/\/www.interaccionnoticias.com.mx\/index.php?rest_route=%2Fwp%2Fv2%2Ftags&post=87234"}],"curies":[{"name":"wp","href":"https:\/\/api.w.org\/{rel}","templated":true}]}}