{"id":87232,"date":"2025-02-05T14:59:17","date_gmt":"2025-02-05T20:59:17","guid":{"rendered":"https:\/\/www.interaccionnoticias.com.mx\/?p=87232"},"modified":"2025-02-05T14:59:19","modified_gmt":"2025-02-05T20:59:19","slug":"reconoce-la-seg-conflictos-en-san-luis-acatlan-cruz-grando-y-chilapa","status":"publish","type":"post","link":"https:\/\/www.interaccionnoticias.com.mx\/?p=87232","title":{"rendered":"Reconoce la SEG conflictos en San Luis Acatl\u00e1n, Cruz Grando y Chilapa"},"content":{"rendered":"\n<p><strong><em>&#8212; En algunos casos, porque no se repone el personal en tiempo<\/em><\/strong><\/p>\n\n\n\n<p><strong>Rosario Garc\u00eda Orozco<\/strong><\/p>\n\n\n\n<p>El titular de la secretar\u00eda de Educaci\u00f3n Guerrero (SEG), Ricardo Castillo Pe\u00f1a reconoci\u00f3 que existen conflictos latentes en municipios como San Luis Acatl\u00e1n, Cruz Grande y Chilapa, donde incluso se han registrado bloqueos a las v\u00edas de comunicaci\u00f3n.<\/p>\n\n\n\n<p>Castillo Pe\u00f1a explic\u00f3 que varios de los conflictos que se generan en materia educativa, se deben que no se cumple con la terea de reponer al personal que se jubila o fallece, por razones que actualmente se est\u00e1n atendiendo.<\/p>\n\n\n\n<p>Explic\u00f3 que el martes 4 de febrero se atendi\u00f3 a los maestros y padres de familia que se manifestaron sobre la carretera Acapulco-Pinotepa Nacional.<\/p>\n\n\n\n<p>Los grupos inconformes instalaron dos bloqueos sobre la carretera; uno a la altura de Cruz Grande, a consecuencia del conflicto en una Telesecundaria y otro m\u00e1s en el puente de Marquelia, por temas de la Secundaria T\u00e9cnica 227, de San Luis Acatl\u00e1n.<\/p>\n\n\n\n<p>Los manifestantes son originarios de la comunidad de Buenavista, municipio de San Luis Acatl\u00e1n, quienes bloquearon esa vialidad para exigir la asignaci\u00f3n de siete profesores para la secundaria t\u00e9cnica 227.<\/p>\n\n\n\n<p>Al respecto, Castillo Pe\u00f1a mencion\u00f3 que un equipo de la SEG, con personal del \u00e1rea de Planeaci\u00f3n y de la Direcci\u00f3n de Personal se traslad\u00f3 a los puntos de conflicto para escuchar a los manifestantes.<\/p>\n\n\n\n<p>Detall\u00f3 que en ese lugar se gener\u00f3 un conflicto \u00abpor un mal entendido entre un grupo de maestros y padres de familia, los padres de familia optaron por ya no permitir la entrada al plantel a un grupo de maestros y aunque es un tema interno, tenemos que ser concientes de que hay necesidad de atenderlos\u00bb.<\/p>\n\n\n\n<p>En torno al conflicto del Jard\u00edn de Ni\u00f1os, Amado Rodr\u00edguez\u00bb de Chilapa, en el que se registr\u00f3 una protesta la semana pasada para exigir la asignaci\u00f3n de personal de intendencia, el secretario de Educaci\u00f3n Guerrero, mencion\u00f3 que desde que lleg\u00f3 a la titularidad de la dependencia se detect\u00f3 que hay poca inversi\u00f3n en infraestructura y en personal, pues muchos se fueron jubilando, otros causaron baja por defunci\u00f3n y no se repusieron esos elementos, lo que provoca crisis.<\/p>\n\n\n\n<p>Sin embargo, destac\u00f3 que , ya se est\u00e1 trabajando en la atenci\u00f3n del problema y se espera en en poco tiempo se pueda resolver todo lo que est\u00e1 pendiente.<\/p>\n","protected":false},"excerpt":{"rendered":"<p>&#8212; En algunos casos, porque no se repone el personal en tiempo Rosario Garc\u00eda Orozco El titular de la secretar\u00eda de Educaci\u00f3n Guerrero (SEG), Ricardo Castillo Pe\u00f1a reconoci\u00f3 que existen&hellip; <\/p>\n","protected":false},"author":14,"featured_media":87178,"comment_status":"open","ping_status":"open","sticky":false,"template":"","format":"standard","meta":{"fifu_image_url":"","fifu_image_alt":"","footnotes":""},"categories":[6],"tags":[],"class_list":["post-87232","post","type-post","status-publish","format-standard","has-post-thumbnail","hentry","category-educacion"],"_links":{"self":[{"href":"https:\/\/www.interaccionnoticias.com.mx\/index.php?rest_route=\/wp\/v2\/posts\/87232","targetHints":{"allow":["GET"]}}],"collection":[{"href":"https:\/\/www.interaccionnoticias.com.mx\/index.php?rest_route=\/wp\/v2\/posts"}],"about":[{"href":"https:\/\/www.interaccionnoticias.com.mx\/index.php?rest_route=\/wp\/v2\/types\/post"}],"author":[{"embeddable":true,"href":"https:\/\/www.interaccionnoticias.com.mx\/index.php?rest_route=\/wp\/v2\/users\/14"}],"replies":[{"embeddable":true,"href":"https:\/\/www.interaccionnoticias.com.mx\/index.php?rest_route=%2Fwp%2Fv2%2Fcomments&post=87232"}],"version-history":[{"count":1,"href":"https:\/\/www.interaccionnoticias.com.mx\/index.php?rest_route=\/wp\/v2\/posts\/87232\/revisions"}],"predecessor-version":[{"id":87233,"href":"https:\/\/www.interaccionnoticias.com.mx\/index.php?rest_route=\/wp\/v2\/posts\/87232\/revisions\/87233"}],"wp:featuredmedia":[{"embeddable":true,"href":"https:\/\/www.interaccionnoticias.com.mx\/index.php?rest_route=\/wp\/v2\/media\/87178"}],"wp:attachment":[{"href":"https:\/\/www.interaccionnoticias.com.mx\/index.php?rest_route=%2Fwp%2Fv2%2Fmedia&parent=87232"}],"wp:term":[{"taxonomy":"category","embeddable":true,"href":"https:\/\/www.interaccionnoticias.com.mx\/index.php?rest_route=%2Fwp%2Fv2%2Fcategories&post=87232"},{"taxonomy":"post_tag","embeddable":true,"href":"https:\/\/www.interaccionnoticias.com.mx\/index.php?rest_route=%2Fwp%2Fv2%2Ftags&post=87232"}],"curies":[{"name":"wp","href":"https:\/\/api.w.org\/{rel}","templated":true}]}}