{"id":87229,"date":"2025-02-05T14:51:02","date_gmt":"2025-02-05T20:51:02","guid":{"rendered":"https:\/\/www.interaccionnoticias.com.mx\/?p=87229"},"modified":"2025-02-05T14:51:04","modified_gmt":"2025-02-05T20:51:04","slug":"rina-en-el-cereso-de-iguala-deja-cuatro-lesionados","status":"publish","type":"post","link":"https:\/\/www.interaccionnoticias.com.mx\/?p=87229","title":{"rendered":"Ri\u00f1a en el Cereso de Iguala deja cuatro lesionados"},"content":{"rendered":"\n<p><strong><em>&#8212; SSPGro confirma la confrontaci\u00f3n, pero se\u00f1ala que fue controlada r\u00e1pidamente<\/em><\/strong><\/p>\n\n\n\n<p><strong>Rogelio Agust\u00edn<\/strong><\/p>\n\n\n\n<p>La Secretar\u00eda de Seguridad P\u00fablica del Estado de Guerrero (SSPGro confirm\u00f3 que la jornada del mi\u00e9rcoles se registr\u00f3 una ri\u00f1a entre internos del Centro Regional de Reinserci\u00f3n Social (CERESO) de Iguala, el saldo hasta el momento es de cuatro presos heridos.<\/p>\n\n\n\n<p>La tarde del 5 de febrero, la SSPGro emiti\u00f3 un comunicado en el que refiere que alrededor de las 11:00 horas, un grupo de Personas Privadas de la Libertad (PPL), del dormitorio anexo varonil se moviliz\u00f3 hacia las \u00e1reas generales, lo que gener\u00f3 una confrontaci\u00f3n con otros internos.<\/p>\n\n\n\n<p>Derivado de la confrontaci\u00f3n f\u00edsica se tuvo un saldo de cuatro internos lesionados, quienes fueron canalizados r\u00e1pidamente para recibir atenci\u00f3n m\u00e9dica.<\/p>\n\n\n\n<p>La dependencia sostuvo que el hecho se control\u00f3 r\u00e1pidamente, a partir del despliegue de personal de la Polic\u00eda del Estado, lo que impidi\u00f3 que la ri\u00f1a se extendiera hacia otra \u00e1reas del penal.<\/p>\n\n\n\n<p>En la parte final del comunicado, se se\u00f1ala que la seguridad y gobernabilidad en los Centros de Reinserci\u00f3n Social de Guerrero est\u00e1 garantizada, lo que pasa por mantener a salvo los derechos humanos de las personas privadas de la libertad, a partir de las penas impuestas por la comisi\u00f3n de diferentes actos il\u00edcitos.<\/p>\n","protected":false},"excerpt":{"rendered":"<p>&#8212; SSPGro confirma la confrontaci\u00f3n, pero se\u00f1ala que fue controlada r\u00e1pidamente Rogelio Agust\u00edn La Secretar\u00eda de Seguridad P\u00fablica del Estado de Guerrero (SSPGro confirm\u00f3 que la jornada del mi\u00e9rcoles se&hellip; <\/p>\n","protected":false},"author":21,"featured_media":87230,"comment_status":"open","ping_status":"open","sticky":false,"template":"","format":"standard","meta":{"fifu_image_url":"","fifu_image_alt":"","footnotes":""},"categories":[27],"tags":[],"class_list":["post-87229","post","type-post","status-publish","format-standard","has-post-thumbnail","hentry","category-seguridad-publica"],"_links":{"self":[{"href":"https:\/\/www.interaccionnoticias.com.mx\/index.php?rest_route=\/wp\/v2\/posts\/87229","targetHints":{"allow":["GET"]}}],"collection":[{"href":"https:\/\/www.interaccionnoticias.com.mx\/index.php?rest_route=\/wp\/v2\/posts"}],"about":[{"href":"https:\/\/www.interaccionnoticias.com.mx\/index.php?rest_route=\/wp\/v2\/types\/post"}],"author":[{"embeddable":true,"href":"https:\/\/www.interaccionnoticias.com.mx\/index.php?rest_route=\/wp\/v2\/users\/21"}],"replies":[{"embeddable":true,"href":"https:\/\/www.interaccionnoticias.com.mx\/index.php?rest_route=%2Fwp%2Fv2%2Fcomments&post=87229"}],"version-history":[{"count":1,"href":"https:\/\/www.interaccionnoticias.com.mx\/index.php?rest_route=\/wp\/v2\/posts\/87229\/revisions"}],"predecessor-version":[{"id":87231,"href":"https:\/\/www.interaccionnoticias.com.mx\/index.php?rest_route=\/wp\/v2\/posts\/87229\/revisions\/87231"}],"wp:featuredmedia":[{"embeddable":true,"href":"https:\/\/www.interaccionnoticias.com.mx\/index.php?rest_route=\/wp\/v2\/media\/87230"}],"wp:attachment":[{"href":"https:\/\/www.interaccionnoticias.com.mx\/index.php?rest_route=%2Fwp%2Fv2%2Fmedia&parent=87229"}],"wp:term":[{"taxonomy":"category","embeddable":true,"href":"https:\/\/www.interaccionnoticias.com.mx\/index.php?rest_route=%2Fwp%2Fv2%2Fcategories&post=87229"},{"taxonomy":"post_tag","embeddable":true,"href":"https:\/\/www.interaccionnoticias.com.mx\/index.php?rest_route=%2Fwp%2Fv2%2Ftags&post=87229"}],"curies":[{"name":"wp","href":"https:\/\/api.w.org\/{rel}","templated":true}]}}