{"id":87214,"date":"2025-02-04T19:11:00","date_gmt":"2025-02-05T01:11:00","guid":{"rendered":"https:\/\/www.interaccionnoticias.com.mx\/?p=87214"},"modified":"2025-02-04T22:15:54","modified_gmt":"2025-02-05T04:15:54","slug":"desinformacion-generara-severas-complicaciones-en-la-eleccion-judicial","status":"publish","type":"post","link":"https:\/\/www.interaccionnoticias.com.mx\/?p=87214","title":{"rendered":"Desinformaci\u00f3n generar\u00e1 severas complicaciones en la elecci\u00f3n judicial"},"content":{"rendered":"\n<p><strong><em>&#8212; La Diputada de Movimiento Ciudadano Erika L\u00fcrhs consider\u00f3 que habr\u00e1 confusi\u00f3n y poca participaci\u00f3n entre los ciudadanos<\/em><\/strong><\/p>\n\n\n\n<p><strong>Rosario Garc\u00eda Orozco<\/strong><\/p>\n\n\n\n<p>La diputada local por el Partido Movimiento Ciudadano, Erika Luhrs Cort\u00e9s, consider\u00f3 que debido a la desinformaci\u00f3n sobre el proceso electoral judicial, habr\u00e1 mucha confusi\u00f3n y poca palpitaci\u00f3n de los ciudadanos.<\/p>\n\n\n\n<p>En entrevista telef\u00f3nica, la legisladora dijo que si no se proporciona mayor informaci\u00f3n a los ciudadanos sobre c\u00f3mo se llevar\u00e1 a cabo esa elecci\u00f3n \u00abgenerar\u00e1 confusi\u00f3n y un enorme desinter\u00e9s, vamos a ver el porcentaje de participaci\u00f3n, aunque \u00e9ste puede ser alto si utilizan a su aparato de promoci\u00f3n, que son los beneficiarios de los programas sociales, pero no nos adelantemos, vamos a esperar\u00bb.<\/p>\n\n\n\n<p>Record\u00f3 que ese partido en todo momento estuvo en contra de dicho proceso, sin embargo, ya es una determinaci\u00f3n que se debe acatar y la elecci\u00f3n se realizar\u00e1, y mencion\u00f3 que se debi\u00f3 iniciar primero con la elecci\u00f3n de ministros de la Corte, \u00abque es lo que m\u00e1s le interesaba al se\u00f1or que fue presidente de M\u00e9xico (Andr\u00e9s Manuel L\u00f3pez Obrador) acabar con la Corte\u00bb, posteriormente continuar con el ejercicio de elecci\u00f3n del resto de los cargos.<\/p>\n\n\n\n<p>Dijo que ya vio en las redes sociales la propuesta de boleta para la elecci\u00f3n del Poder Judicial, \u00aby me parece inconcebible que sea de esa manera, porque a veces en una elecci\u00f3n de Senador o Diputado Federal, donde tienes nada m\u00e1s 3 o 4 opciones te haces bolas, no los conoces, ahora imag\u00ednate que tengas enfrente una boleta que tiene m\u00e1s de 100 nombres, pues \u00bfcon qu\u00e9 criterio vas a elegir?, \u00bfal tin mar\u00edn?, \u00bfdarle tu voto a quien no se lo merece y dejar fuera a quien si tiene capacidad?, esas son las cosas que me parece que no se pensaron, no se analizaron y no pueden tener buen fin\u00bb.<\/p>\n\n\n\n<p>La emecista coment\u00f3 que en lugar de que se gaste en una elecci\u00f3n del Poder Judicial, es necesario invertir desde el gobierno federal en la recuperaci\u00f3n de Acapulco, afectado por los fen\u00f3menos naturales de Otis y John.<\/p>\n\n\n\n<p>Insisti\u00f3 en que el proceso de la elecci\u00f3n del Poder Judicial tiene vicios desde su inicio, y que no hay a\u00fan condiciones para llevar a cabo una elecci\u00f3n tan grande, complicada y costosa.<\/p>\n","protected":false},"excerpt":{"rendered":"<p>&#8212; La Diputada de Movimiento Ciudadano Erika L\u00fcrhs consider\u00f3 que habr\u00e1 confusi\u00f3n y poca participaci\u00f3n entre los ciudadanos Rosario Garc\u00eda Orozco La diputada local por el Partido Movimiento Ciudadano, Erika&hellip; <\/p>\n","protected":false},"author":14,"featured_media":87215,"comment_status":"open","ping_status":"open","sticky":false,"template":"","format":"standard","meta":{"fifu_image_url":"","fifu_image_alt":"","footnotes":""},"categories":[2],"tags":[],"class_list":["post-87214","post","type-post","status-publish","format-standard","has-post-thumbnail","hentry","category-congreso"],"_links":{"self":[{"href":"https:\/\/www.interaccionnoticias.com.mx\/index.php?rest_route=\/wp\/v2\/posts\/87214","targetHints":{"allow":["GET"]}}],"collection":[{"href":"https:\/\/www.interaccionnoticias.com.mx\/index.php?rest_route=\/wp\/v2\/posts"}],"about":[{"href":"https:\/\/www.interaccionnoticias.com.mx\/index.php?rest_route=\/wp\/v2\/types\/post"}],"author":[{"embeddable":true,"href":"https:\/\/www.interaccionnoticias.com.mx\/index.php?rest_route=\/wp\/v2\/users\/14"}],"replies":[{"embeddable":true,"href":"https:\/\/www.interaccionnoticias.com.mx\/index.php?rest_route=%2Fwp%2Fv2%2Fcomments&post=87214"}],"version-history":[{"count":1,"href":"https:\/\/www.interaccionnoticias.com.mx\/index.php?rest_route=\/wp\/v2\/posts\/87214\/revisions"}],"predecessor-version":[{"id":87216,"href":"https:\/\/www.interaccionnoticias.com.mx\/index.php?rest_route=\/wp\/v2\/posts\/87214\/revisions\/87216"}],"wp:featuredmedia":[{"embeddable":true,"href":"https:\/\/www.interaccionnoticias.com.mx\/index.php?rest_route=\/wp\/v2\/media\/87215"}],"wp:attachment":[{"href":"https:\/\/www.interaccionnoticias.com.mx\/index.php?rest_route=%2Fwp%2Fv2%2Fmedia&parent=87214"}],"wp:term":[{"taxonomy":"category","embeddable":true,"href":"https:\/\/www.interaccionnoticias.com.mx\/index.php?rest_route=%2Fwp%2Fv2%2Fcategories&post=87214"},{"taxonomy":"post_tag","embeddable":true,"href":"https:\/\/www.interaccionnoticias.com.mx\/index.php?rest_route=%2Fwp%2Fv2%2Ftags&post=87214"}],"curies":[{"name":"wp","href":"https:\/\/api.w.org\/{rel}","templated":true}]}}