{"id":87205,"date":"2025-02-04T16:06:00","date_gmt":"2025-02-04T22:06:00","guid":{"rendered":"https:\/\/www.interaccionnoticias.com.mx\/?p=87205"},"modified":"2025-02-04T22:06:24","modified_gmt":"2025-02-05T04:06:24","slug":"guerrero-demostro-su-mas-alta-calidad-turistica-en-la-fitur-gobernadora-evelyn-salgado","status":"publish","type":"post","link":"https:\/\/www.interaccionnoticias.com.mx\/?p=87205","title":{"rendered":"Guerrero demostr\u00f3 su \u00abm\u00e1s alta calidad\u00bb tur\u00edstica en la Fitur: gobernadora Evelyn Salgado"},"content":{"rendered":"\n<p><em><strong>&#8212; Es la participaci\u00f3n m\u00e1s importante que ha tenido Guerrero en ese evento, asegur\u00f3 la mandataria estatal<\/strong><\/em><\/p>\n\n\n\n<p><strong>Rosario Garc\u00eda Orozco<\/strong><\/p>\n\n\n\n<p>La gobernadora Evelyn Salgado Pineda asegur\u00f3 que Guerrero demostr\u00f3 al mundo, \u00abla m\u00e1s alta calidad\u00bb de sus destinos tur\u00edsticos, en la Feria Internacional de Turismo (Fitur) 2025, en la que participan 156 pa\u00edses, y donde se firmaron convenios con socios comerciales, gobiernos y promotores de eventos, y con desarrolladores tur\u00edsticos..<\/p>\n\n\n\n<p>Durante la transmisi\u00f3n virtual, en la que estuvo acompa\u00f1ada por el secretario de Turismo en el estado, Sim\u00f3n Qui\u00f1ones Orozco, la mandataria estatal destac\u00f3 que Guerrero expuso ante los pa\u00edses asistentes, que sus destinos est\u00e1n a la altura de sus expecativas, para recibirlos \u00abcon los brazos abiertos\u00bb.<\/p>\n\n\n\n<p>Dicho encuentro mundial de turismo se llev\u00f3 a cabo del 22 al 26 de enero en Madrid, Espa\u00f1a donde se dio a conocer que los destinos de Guerrero \u00abson \u00fanicos\u00bb.<\/p>\n\n\n\n<p>\u00abEst\u00e1 ha sido una de las participaciones m\u00e1s exitosas y m\u00e1s importantes que ha tenido nuestro estado, eso lo celebr\u00f3 y agradezco la participaci\u00f3n de todas mis compa\u00f1eras y compa\u00f1eros de la Secretar\u00eda de Turismo\u00bb, dijo la gobernadora de Guerrero.<\/p>\n\n\n\n<p>Por su parte el secretario de Turismo en Guerrero, Qui\u00f1ones Orozco inform\u00f3 que en el Fitur participaron 156 pa\u00edses, y asistieron 255 mil personas, mientras que de M\u00e9xico acudieron representantes de 21 estados y 93 empresas mexicanas, con la presentaci\u00f3n de 45 medios especializados en materia de turismo, que le dar\u00e1n mayor proyecci\u00f3n en el mundo a los lugares tur\u00edsticos de la entidad.<\/p>\n\n\n\n<p>Agreg\u00f3 que en la Feria Internacional se firmaron 11 convenios con socios comerciales, y gobiernos, as\u00ed como promotores de eventos en los destinos tur\u00edsticos del pa\u00eds y de Guerrero.<\/p>\n\n\n\n<p>Adem\u00e1s 10 reuniones con empresa internacionales para materializar proyectos de inversi\u00f3n en Guerrero, y 13 encuentros con operadoras mayoristas eutopeas para poder posicionar la marca Guerrero, Acapulco, Zihuatanejo y Taxco en la preferencia tur\u00edstica de Europa, as\u00ed como 550 citas de negocios en el stand den estado de Guerrero.<\/p>\n\n\n\n<p>En la Fitur M\u00e9xico tuvo el pabell\u00f3n m\u00e1s grande de Am\u00e9rica y Guerrero tuvo el tercer espacio m\u00e1s grande de la delegaci\u00f3n mexicana.<\/p>\n","protected":false},"excerpt":{"rendered":"<p>&#8212; Es la participaci\u00f3n m\u00e1s importante que ha tenido Guerrero en ese evento, asegur\u00f3 la mandataria estatal Rosario Garc\u00eda Orozco La gobernadora Evelyn Salgado Pineda asegur\u00f3 que Guerrero demostr\u00f3 al&hellip; <\/p>\n","protected":false},"author":14,"featured_media":87206,"comment_status":"open","ping_status":"open","sticky":false,"template":"","format":"standard","meta":{"fifu_image_url":"","fifu_image_alt":"","footnotes":""},"categories":[11],"tags":[],"class_list":["post-87205","post","type-post","status-publish","format-standard","has-post-thumbnail","hentry","category-guerrero"],"_links":{"self":[{"href":"https:\/\/www.interaccionnoticias.com.mx\/index.php?rest_route=\/wp\/v2\/posts\/87205","targetHints":{"allow":["GET"]}}],"collection":[{"href":"https:\/\/www.interaccionnoticias.com.mx\/index.php?rest_route=\/wp\/v2\/posts"}],"about":[{"href":"https:\/\/www.interaccionnoticias.com.mx\/index.php?rest_route=\/wp\/v2\/types\/post"}],"author":[{"embeddable":true,"href":"https:\/\/www.interaccionnoticias.com.mx\/index.php?rest_route=\/wp\/v2\/users\/14"}],"replies":[{"embeddable":true,"href":"https:\/\/www.interaccionnoticias.com.mx\/index.php?rest_route=%2Fwp%2Fv2%2Fcomments&post=87205"}],"version-history":[{"count":1,"href":"https:\/\/www.interaccionnoticias.com.mx\/index.php?rest_route=\/wp\/v2\/posts\/87205\/revisions"}],"predecessor-version":[{"id":87207,"href":"https:\/\/www.interaccionnoticias.com.mx\/index.php?rest_route=\/wp\/v2\/posts\/87205\/revisions\/87207"}],"wp:featuredmedia":[{"embeddable":true,"href":"https:\/\/www.interaccionnoticias.com.mx\/index.php?rest_route=\/wp\/v2\/media\/87206"}],"wp:attachment":[{"href":"https:\/\/www.interaccionnoticias.com.mx\/index.php?rest_route=%2Fwp%2Fv2%2Fmedia&parent=87205"}],"wp:term":[{"taxonomy":"category","embeddable":true,"href":"https:\/\/www.interaccionnoticias.com.mx\/index.php?rest_route=%2Fwp%2Fv2%2Fcategories&post=87205"},{"taxonomy":"post_tag","embeddable":true,"href":"https:\/\/www.interaccionnoticias.com.mx\/index.php?rest_route=%2Fwp%2Fv2%2Ftags&post=87205"}],"curies":[{"name":"wp","href":"https:\/\/api.w.org\/{rel}","templated":true}]}}