{"id":87193,"date":"2025-02-04T16:38:00","date_gmt":"2025-02-04T22:38:00","guid":{"rendered":"https:\/\/www.interaccionnoticias.com.mx\/?p=87193"},"modified":"2025-02-04T21:44:45","modified_gmt":"2025-02-05T03:44:45","slug":"justifica-alcalde-de-chilpancingo-el-incremento-a-la-tarifa-de-agua","status":"publish","type":"post","link":"https:\/\/www.interaccionnoticias.com.mx\/?p=87193","title":{"rendered":"Justifica alcalde de Chilpancingo el incremento a la tarifa de agua"},"content":{"rendered":"\n<p><strong><em>&#8212; Es por el costo de captaci\u00f3n y distribuci\u00f3n del vital liquido, asegura<br>&#8212; Capach tiene un adeudo con CFE de 14 millones de pesos, indica Gustavo Alarc\u00f3n Herrera<\/em><\/strong><\/p>\n\n\n\n<p><strong>Rosario Garc\u00eda Orozco<\/strong><\/p>\n\n\n\n<p>El alcalde Gustavo Alarc\u00f3n Herrera justific\u00f3 el incremento del 4.21 por ciento en la tarifa del agua potable, argumentando que la causa son los costos que genera la captaci\u00f3n y distribuci\u00f3n del vital liquido.<\/p>\n\n\n\n<p>Explic\u00f3 que ese aumento en las tarifas del servicio que presta la Comisi\u00f3n de Agua Potable y Alcantarillado de Chilpancingo (Capach) se da en base a una proyecci\u00f3n del aumento en los costos de la captaci\u00f3n y distribuci\u00f3n a las tomas domiciliarias del agua.<\/p>\n\n\n\n<p>Mencion\u00f3 que en la administraci\u00f3n se debe mantener un equilibrio entre los ingresos y los egresos, para que la paramunicipal sea rentable, y no tenga problemas econ\u00f3micos severos, adem\u00e1s de que sea m\u00e1s eficiente el servicio, porque el da\u00f1o administrativo implica cada vez que se vaya perdiendo la capacidad de garantizar el abasto.<\/p>\n\n\n\n<p>\u201cEl problema real es el adeudo que tiene Capach de los 14 millones de pesos a la Comisi\u00f3n Federal de Electricidad, que nunca pagaron y que quedaron en adeudo, obviamente hicieron compromisos de pago que se vieron afectados porque existi\u00f3 un incumplimiento\u201d.<\/p>\n\n\n\n<p>Dijo que en esta administraci\u00f3n municipal se pagan los servicios necesarios para desarrollar las actividades, y refiri\u00f3 que en la actualidad el ciudadano paga por el agua que recibe en sus hogares, .15 centavos por litro, mientras que el costo real es de .24, es decir que hay una diferencia de 9 centavos por litro de agua.<\/p>\n\n\n\n<p>\u201cVe la diferencia, cuando has visto que en un negocio un producto de lo den m\u00e1s barato de su costo, no puede ser, somos administraci\u00f3n p\u00fabica y esto estamos sujetos a las tablas de la Ley de Ingreso del ayuntamiento, que no las autorizo yo, las autoriza el Congreso\u201d, enfatiz\u00f3.<\/p>\n\n\n\n<p>Alarc\u00f3n Herrera aclar\u00f3 que el aumento en las tarifas no es irracional, sino que va en base al aumento inflacionario, \u201cobviamente no es tan oneroso\u201d, el 4.21 por ciento que se incremento en la tarifa.<\/p>\n\n\n\n<p>Revel\u00f3 que del 40 por ciento de los usuarios que s\u00ed pagan el agua de manera puntual, el 38.7 por ciento piden descuento en sus recibos de pago, mientras que los deudores provocan una preocupaci\u00f3n, porque son un 60 por ciento que adeuda su servicio.<\/p>\n\n\n\n<p>Gustavo Alarc\u00f3n mencion\u00f3 que el proyecto para traer m\u00e1s agua a Chilpancingo, que es del R\u00edo Papagayo, implica dotar de agua tambi\u00e9n al municipio de Juan R. Escudero y el resto llegar\u00eda a esta capital.<\/p>\n\n\n\n<p>\u201cCuando eso suceda ya no va haber ning\u00fan problema, las obras que estamos haciendo son para evitar que se siga fugando el agua, porque se fuga m\u00e1s de un 30 por ciento, y despu\u00e9s sin tantas fugas lo que va a pasar es que los tandeos ya van a ser cada semana, cada 10 d\u00edas, esa es la idea\u201d, expuso.<\/p>\n\n\n\n<p>El objetivo, dijo, es que en \u00e9poca de estiaje, el vital l\u00edquido que venga de ese cuerpo de agua (R\u00edo Papagayo), alcance para todos los chilpancingue\u00f1os, pero enfatizo la importancia en que se tenga cultura del cuidado del agua, y del pago del servicio.<\/p>\n","protected":false},"excerpt":{"rendered":"<p>&#8212; Es por el costo de captaci\u00f3n y distribuci\u00f3n del vital liquido, asegura&#8212; Capach tiene un adeudo con CFE de 14 millones de pesos, indica Gustavo Alarc\u00f3n Herrera Rosario Garc\u00eda&hellip; <\/p>\n","protected":false},"author":14,"featured_media":87194,"comment_status":"open","ping_status":"open","sticky":false,"template":"","format":"standard","meta":{"fifu_image_url":"","fifu_image_alt":"","footnotes":""},"categories":[13],"tags":[],"class_list":["post-87193","post","type-post","status-publish","format-standard","has-post-thumbnail","hentry","category-capital"],"_links":{"self":[{"href":"https:\/\/www.interaccionnoticias.com.mx\/index.php?rest_route=\/wp\/v2\/posts\/87193","targetHints":{"allow":["GET"]}}],"collection":[{"href":"https:\/\/www.interaccionnoticias.com.mx\/index.php?rest_route=\/wp\/v2\/posts"}],"about":[{"href":"https:\/\/www.interaccionnoticias.com.mx\/index.php?rest_route=\/wp\/v2\/types\/post"}],"author":[{"embeddable":true,"href":"https:\/\/www.interaccionnoticias.com.mx\/index.php?rest_route=\/wp\/v2\/users\/14"}],"replies":[{"embeddable":true,"href":"https:\/\/www.interaccionnoticias.com.mx\/index.php?rest_route=%2Fwp%2Fv2%2Fcomments&post=87193"}],"version-history":[{"count":1,"href":"https:\/\/www.interaccionnoticias.com.mx\/index.php?rest_route=\/wp\/v2\/posts\/87193\/revisions"}],"predecessor-version":[{"id":87195,"href":"https:\/\/www.interaccionnoticias.com.mx\/index.php?rest_route=\/wp\/v2\/posts\/87193\/revisions\/87195"}],"wp:featuredmedia":[{"embeddable":true,"href":"https:\/\/www.interaccionnoticias.com.mx\/index.php?rest_route=\/wp\/v2\/media\/87194"}],"wp:attachment":[{"href":"https:\/\/www.interaccionnoticias.com.mx\/index.php?rest_route=%2Fwp%2Fv2%2Fmedia&parent=87193"}],"wp:term":[{"taxonomy":"category","embeddable":true,"href":"https:\/\/www.interaccionnoticias.com.mx\/index.php?rest_route=%2Fwp%2Fv2%2Fcategories&post=87193"},{"taxonomy":"post_tag","embeddable":true,"href":"https:\/\/www.interaccionnoticias.com.mx\/index.php?rest_route=%2Fwp%2Fv2%2Ftags&post=87193"}],"curies":[{"name":"wp","href":"https:\/\/api.w.org\/{rel}","templated":true}]}}