{"id":87190,"date":"2025-02-04T15:46:00","date_gmt":"2025-02-04T21:46:00","guid":{"rendered":"https:\/\/www.interaccionnoticias.com.mx\/?p=87190"},"modified":"2025-02-04T21:39:08","modified_gmt":"2025-02-05T03:39:08","slug":"denuncian-la-retencion-de-salarios-a-130-trabajadores-del-ayuntamiento","status":"publish","type":"post","link":"https:\/\/www.interaccionnoticias.com.mx\/?p=87190","title":{"rendered":"Denuncian la retenci\u00f3n de salarios a 130 trabajadores del Ayuntamiento"},"content":{"rendered":"\n<p><strong><em>&#8212; Los trabajadores protestan en la entrada del Palacio Municipal<\/em><\/strong><\/p>\n\n\n\n<p><strong>Jes\u00fas Dorantes<\/strong><\/p>\n\n\n\n<p><strong>Chilpancingo, Gro.- <\/strong>Integrantes del Sindicato Aut\u00f3nomo y Democr\u00e1tico de Trabajadores del Ayuntamiento de Chilpancingo y de sus Organismos Decentralizados (SADTACH-PODA) se manifestaron una entrada del Palacio Municipal, denuncian la retenci\u00f3n de sus quincenas a 130 empleados.<\/p>\n\n\n\n<p>La protesta se llev\u00f3 a cabo en la entrada del Ayuntamiento, frente a la plaza central Primer Congreso de An\u00e1huac, donde los inconformes denunciaron que el director de Recursos Humanos, Noe S\u00e1nchez Hern\u00e1ndez retuvo el pago correspondiente a la segunda quincena de enero, sin ofrecer alguna justificaci\u00f3n legal.<\/p>\n\n\n\n<p>El l\u00edder sindical, Isidro Bautista Delgado se\u00f1al\u00f3 que sus 130 compa\u00f1eros no han recibido su salario, lo que a generado incertidumbre financiera en las peruanas que ya devengaron los compensaci\u00f3n econ\u00f3mica, como es el caso Mario Trujillo quien tiene una discapacidad y no puede cubrir sus gastos por dicha retenci\u00f3n de salario.<\/p>\n\n\n\n<p>Adem\u00e1s de la retenci\u00f3n, los trabajadores denunciaron que S\u00e1nchez Hern\u00e1ndez labora al mismo tiemponen el gobierno estatal, lo que constituye una irregularidad.<\/p>\n\n\n\n<p>Tambi\u00e9n lo acusaron de nepotismo, al contratar a su propia esposa como personal de confianza.<\/p>\n\n\n\n<p>Los trabajadores advirtieron que si no reciben una respuesta tomar\u00e1n las instalaciones del Ayuntamiento.<\/p>\n","protected":false},"excerpt":{"rendered":"<p>&#8212; Los trabajadores protestan en la entrada del Palacio Municipal Jes\u00fas Dorantes Chilpancingo, Gro.- Integrantes del Sindicato Aut\u00f3nomo y Democr\u00e1tico de Trabajadores del Ayuntamiento de Chilpancingo y de sus Organismos&hellip; <\/p>\n","protected":false},"author":8,"featured_media":87191,"comment_status":"open","ping_status":"open","sticky":false,"template":"","format":"standard","meta":{"fifu_image_url":"","fifu_image_alt":"","footnotes":""},"categories":[13],"tags":[],"class_list":["post-87190","post","type-post","status-publish","format-standard","has-post-thumbnail","hentry","category-capital"],"_links":{"self":[{"href":"https:\/\/www.interaccionnoticias.com.mx\/index.php?rest_route=\/wp\/v2\/posts\/87190","targetHints":{"allow":["GET"]}}],"collection":[{"href":"https:\/\/www.interaccionnoticias.com.mx\/index.php?rest_route=\/wp\/v2\/posts"}],"about":[{"href":"https:\/\/www.interaccionnoticias.com.mx\/index.php?rest_route=\/wp\/v2\/types\/post"}],"author":[{"embeddable":true,"href":"https:\/\/www.interaccionnoticias.com.mx\/index.php?rest_route=\/wp\/v2\/users\/8"}],"replies":[{"embeddable":true,"href":"https:\/\/www.interaccionnoticias.com.mx\/index.php?rest_route=%2Fwp%2Fv2%2Fcomments&post=87190"}],"version-history":[{"count":1,"href":"https:\/\/www.interaccionnoticias.com.mx\/index.php?rest_route=\/wp\/v2\/posts\/87190\/revisions"}],"predecessor-version":[{"id":87192,"href":"https:\/\/www.interaccionnoticias.com.mx\/index.php?rest_route=\/wp\/v2\/posts\/87190\/revisions\/87192"}],"wp:featuredmedia":[{"embeddable":true,"href":"https:\/\/www.interaccionnoticias.com.mx\/index.php?rest_route=\/wp\/v2\/media\/87191"}],"wp:attachment":[{"href":"https:\/\/www.interaccionnoticias.com.mx\/index.php?rest_route=%2Fwp%2Fv2%2Fmedia&parent=87190"}],"wp:term":[{"taxonomy":"category","embeddable":true,"href":"https:\/\/www.interaccionnoticias.com.mx\/index.php?rest_route=%2Fwp%2Fv2%2Fcategories&post=87190"},{"taxonomy":"post_tag","embeddable":true,"href":"https:\/\/www.interaccionnoticias.com.mx\/index.php?rest_route=%2Fwp%2Fv2%2Ftags&post=87190"}],"curies":[{"name":"wp","href":"https:\/\/api.w.org\/{rel}","templated":true}]}}