{"id":87174,"date":"2025-02-04T13:10:00","date_gmt":"2025-02-04T19:10:00","guid":{"rendered":"https:\/\/www.interaccionnoticias.com.mx\/?p=87174"},"modified":"2025-02-04T21:20:23","modified_gmt":"2025-02-05T03:20:23","slug":"sin-justicia-no-hay-democracia-advierte-la-gobernadora-de-guerrero","status":"publish","type":"post","link":"https:\/\/www.interaccionnoticias.com.mx\/?p=87174","title":{"rendered":"\u201cSin justicia no hay democracia\u201d, advierte la gobernadora de Guerrero"},"content":{"rendered":"\n<p><strong><em>&#8212; Evelyn Salgado Pineda inaugura la semana jur\u00eddica 2025<\/em><\/strong><\/p>\n\n\n\n<p><strong>Rogelio Agust\u00edn<\/strong><\/p>\n\n\n\n<p>\u201cSin justicia no hay democracia ni paz\u201d, sostuvo la gobernadora Evelyn Salgado Pineda durante la inauguraci\u00f3n de la semana jur\u00eddica 2025.<\/p>\n\n\n\n<p>En Palacio de Gobierno, la titular del Poder Ejecutivo local sostuvo que de nada servir\u00eda contar con una Constituci\u00f3n General de excelencia si no se respeta su contenido.<\/p>\n\n\n\n<p>Record\u00f3 que la Constitucion del pa\u00eds se fue redactando de acuerdo a las exigencias de un pueblo que tenia mucha sed de justicia, as\u00ed como de esperanza.<\/p>\n\n\n\n<p>Ante abogados de las siete regiones y representates de los poderes p\u00fablicos, refiri\u00f3 que la Constituci\u00f3n tiene plasmado el entimiento de la naci\u00f3n, en el entendido de que no hay democracia sin justicia, ni paz y tampoco desarrollo.<\/p>\n\n\n\n<p>Para la gobernadora, no sirve de mucho contar con una constituci\u00f3n de avanzada si no hay justicia para las personas.<\/p>\n\n\n\n<p>La gobernadora refiri\u00f3 que las instituciones en ning\u00fan momento deben alejase de la poblaci\u00f3n, porque cuando el Estado de Derecho se encuentra acotado por la impunidad, es evidente que algo se debe de ajustar.<\/p>\n\n\n\n<p>Record\u00f3 que los tres niveles de Gobierno integran un solo equipo y deben poner en el centro a las personas, porque el marco jur\u00eddico debe proteger a mujeres, ni\u00f1os, pueblos originarios y personas con capacidades diferentes.<\/p>\n\n\n\n<p>El objetivo de las leyes, indic\u00f3 que debe ser el combate al racismo, la discriminaci\u00f3n y todo tipo de desigualdad.<\/p>\n\n\n\n<p>El hecho de que Guerrero tenga una mujer en el gobierno, deja en claro que en la entidad se avanza en una agenda progresista, que garantiza el ejercicuo de libertades y derechos.<\/p>\n\n\n\n<p>Indic\u00f3: \u201cNo basta con conocer la ley, hay que garantizar la vigencia de los derechos, porque la justicia no es un privilegio, es un derecho inalienable\u201d.<\/p>\n","protected":false},"excerpt":{"rendered":"<p>&#8212; Evelyn Salgado Pineda inaugura la semana jur\u00eddica 2025 Rogelio Agust\u00edn \u201cSin justicia no hay democracia ni paz\u201d, sostuvo la gobernadora Evelyn Salgado Pineda durante la inauguraci\u00f3n de la semana&hellip; <\/p>\n","protected":false},"author":21,"featured_media":87175,"comment_status":"open","ping_status":"open","sticky":false,"template":"","format":"standard","meta":{"fifu_image_url":"","fifu_image_alt":"","footnotes":""},"categories":[11],"tags":[],"class_list":["post-87174","post","type-post","status-publish","format-standard","has-post-thumbnail","hentry","category-guerrero"],"_links":{"self":[{"href":"https:\/\/www.interaccionnoticias.com.mx\/index.php?rest_route=\/wp\/v2\/posts\/87174","targetHints":{"allow":["GET"]}}],"collection":[{"href":"https:\/\/www.interaccionnoticias.com.mx\/index.php?rest_route=\/wp\/v2\/posts"}],"about":[{"href":"https:\/\/www.interaccionnoticias.com.mx\/index.php?rest_route=\/wp\/v2\/types\/post"}],"author":[{"embeddable":true,"href":"https:\/\/www.interaccionnoticias.com.mx\/index.php?rest_route=\/wp\/v2\/users\/21"}],"replies":[{"embeddable":true,"href":"https:\/\/www.interaccionnoticias.com.mx\/index.php?rest_route=%2Fwp%2Fv2%2Fcomments&post=87174"}],"version-history":[{"count":1,"href":"https:\/\/www.interaccionnoticias.com.mx\/index.php?rest_route=\/wp\/v2\/posts\/87174\/revisions"}],"predecessor-version":[{"id":87176,"href":"https:\/\/www.interaccionnoticias.com.mx\/index.php?rest_route=\/wp\/v2\/posts\/87174\/revisions\/87176"}],"wp:featuredmedia":[{"embeddable":true,"href":"https:\/\/www.interaccionnoticias.com.mx\/index.php?rest_route=\/wp\/v2\/media\/87175"}],"wp:attachment":[{"href":"https:\/\/www.interaccionnoticias.com.mx\/index.php?rest_route=%2Fwp%2Fv2%2Fmedia&parent=87174"}],"wp:term":[{"taxonomy":"category","embeddable":true,"href":"https:\/\/www.interaccionnoticias.com.mx\/index.php?rest_route=%2Fwp%2Fv2%2Fcategories&post=87174"},{"taxonomy":"post_tag","embeddable":true,"href":"https:\/\/www.interaccionnoticias.com.mx\/index.php?rest_route=%2Fwp%2Fv2%2Ftags&post=87174"}],"curies":[{"name":"wp","href":"https:\/\/api.w.org\/{rel}","templated":true}]}}