{"id":8717,"date":"2017-09-29T18:06:59","date_gmt":"2017-09-29T23:06:59","guid":{"rendered":"http:\/\/www.inter-accion.com.mx\/?p=8717"},"modified":"2017-09-29T18:06:59","modified_gmt":"2017-09-29T23:06:59","slug":"en-marcha-dispositivo-de-seguridad-para-el-corredor-carretero-chilapa-tixtla-chilpancingo","status":"publish","type":"post","link":"https:\/\/www.interaccionnoticias.com.mx\/?p=8717","title":{"rendered":"En marcha, dispositivo de seguridad para el corredor carretero  Chilapa-Tixtla-Chilpancingo"},"content":{"rendered":"<p><br \/>\nLa Secretar\u00eda de Seguridad P\u00fablica (SSP) instal\u00f3 tres puntos de vigilancia en el corredor carretero que va de Chilapa hacia Chilpancingo, aunque todav\u00eda no se restablece plenamente el servicio de transporte p\u00fablico.<br \/>\nLa tarde del 26 de septiembre, cuatro hombres armados interceptaron un autob\u00fas que de manera emergente ofrec\u00eda el servicio de transporte a los usuarios de la ruta Chilpancingo, Tixtla y Chilapa, ya que desde hace varios meses las urvans de dicha ruta comenzaron a ser hostigadas por el crimen organizado.<br \/>\nDurante la semana, maestros de la Monta\u00f1a baja protestaron en Tixtla y Chilpancingo para exigir al gobierno estatal transporte y seguridad, ya que al no estar en circulaci\u00f3n las urvan del servicio p\u00fablicos, ellos no pueden llegar a sus centros de trabajo, lo que perjudica la instrucci\u00f3n de miles de alumnos.<br \/>\nLa ma\u00f1ana del 28 de septiembre, el gobernador H\u00e9ctor Astudillo Flores anunci\u00f3 la puesta en marcha de un operativo de vigilancia en dicha ruta, con la intenci\u00f3n de garantizar el traslado de todos los usuarios del servicio de transporte p\u00fablico.<br \/>\nEl jefe del Poder Ejecutivo local reconoci\u00f3 que dicho corredor carretero es sumamente complicado, por lo que se requiere que las autoridades del estado y la federaci\u00f3n hagan acto de presencia.<br \/>\nLa tarde del viernes 29, la SSP instal\u00f3 puntos de vigilancia en las comunidades de Zoquiapa y El Lim\u00f3n, en los libramientos a Tixtla y en el punto conocido como el Ahuejote, para inhibir la actuaci\u00f3n de los grupos delictivos.<br \/>\nEntrada la tarde, la dependencia inform\u00f3 que no se registraban incidentes, y que los automovilistas circulaban sin reportar novedades.<br \/>\nSin embargo, todav\u00eda no se ha regularizado la actividad en las urvans que de Chilapa van hacia Tixtla y de ah\u00ed hacia Chilpancingo.<br \/>\n&nbsp;&nbsp;&nbsp;&nbsp;&nbsp;&nbsp;&nbsp;<\/p>\n","protected":false},"excerpt":{"rendered":"<p>La Secretar\u00eda de Seguridad P\u00fablica (SSP) instal\u00f3 tres puntos de vigilancia en el corredor carretero que va de Chilapa hacia Chilpancingo, aunque todav\u00eda no se restablece plenamente el servicio de&hellip; <\/p>\n","protected":false},"author":1,"featured_media":0,"comment_status":"closed","ping_status":"closed","sticky":false,"template":"","format":"standard","meta":{"fifu_image_url":"","fifu_image_alt":"","footnotes":""},"categories":[8,27],"tags":[],"class_list":["post-8717","post","type-post","status-publish","format-standard","hentry","category-featured","category-seguridad-publica"],"_links":{"self":[{"href":"https:\/\/www.interaccionnoticias.com.mx\/index.php?rest_route=\/wp\/v2\/posts\/8717","targetHints":{"allow":["GET"]}}],"collection":[{"href":"https:\/\/www.interaccionnoticias.com.mx\/index.php?rest_route=\/wp\/v2\/posts"}],"about":[{"href":"https:\/\/www.interaccionnoticias.com.mx\/index.php?rest_route=\/wp\/v2\/types\/post"}],"author":[{"embeddable":true,"href":"https:\/\/www.interaccionnoticias.com.mx\/index.php?rest_route=\/wp\/v2\/users\/1"}],"replies":[{"embeddable":true,"href":"https:\/\/www.interaccionnoticias.com.mx\/index.php?rest_route=%2Fwp%2Fv2%2Fcomments&post=8717"}],"version-history":[{"count":0,"href":"https:\/\/www.interaccionnoticias.com.mx\/index.php?rest_route=\/wp\/v2\/posts\/8717\/revisions"}],"wp:attachment":[{"href":"https:\/\/www.interaccionnoticias.com.mx\/index.php?rest_route=%2Fwp%2Fv2%2Fmedia&parent=8717"}],"wp:term":[{"taxonomy":"category","embeddable":true,"href":"https:\/\/www.interaccionnoticias.com.mx\/index.php?rest_route=%2Fwp%2Fv2%2Fcategories&post=8717"},{"taxonomy":"post_tag","embeddable":true,"href":"https:\/\/www.interaccionnoticias.com.mx\/index.php?rest_route=%2Fwp%2Fv2%2Ftags&post=8717"}],"curies":[{"name":"wp","href":"https:\/\/api.w.org\/{rel}","templated":true}]}}