{"id":87139,"date":"2025-02-03T15:16:00","date_gmt":"2025-02-03T21:16:00","guid":{"rendered":"https:\/\/www.interaccionnoticias.com.mx\/?p=87139"},"modified":"2025-02-04T16:23:19","modified_gmt":"2025-02-04T22:23:19","slug":"morena-guerrero-reconoce-la-habilidad-diplomatica-del-gobierno-de-mexico","status":"publish","type":"post","link":"https:\/\/www.interaccionnoticias.com.mx\/?p=87139","title":{"rendered":"MORENA-Guerrero reconoce la habilidad diplom\u00e1tica del Gobierno de M\u00e9xico"},"content":{"rendered":"\n<p><strong><em>&#8212; Ante la pausa en la aplicaci\u00f3n de los aranceles por parte del Gobierno de Estados Unidos<\/em><\/strong><\/p>\n\n\n\n<p><strong>Rogelio Agust\u00edn<\/strong><\/p>\n\n\n\n<p>La dirigencia de MORENA-Guerrero manifest\u00f3 su respaldo a la presidenta de la Rep\u00fablica, Claudia Sheinbaum Pardo y consider\u00f3 que la pausa lograda a la imposici\u00f3n de aranceles del 25 porciento a todos los productos mexicanos que ingresan a Estados Unidos, es resultado de la verticalidad con la que maneja la presente administraci\u00f3n federal su pol\u00edtica de relaciones internacionales.<\/p>\n\n\n\n<p>V\u00eda comunicado, la dirigencia de MORENA-Guerrero destac\u00f3 que en todo momento, ha manifestado su respaldo a la presidenta de la Rep\u00fablica y al proyecto que representa la Cuarta Transformaci\u00f3n en el pa\u00eds.<\/p>\n\n\n\n<p>\u00abDesde Guerrero, celebramos los acuerdos obtenidos entre la presidenta de la Rep\u00fablica, Claudia Sheinbaum Pardo y el Presidente Donald Trump, especialmente la pausa a los aranceles, pues es una muestra de la habilidad diplom\u00e1tica y la presidenta para defender los intereses de nuestra naci\u00f3n\u00bb, se\u00f1ala el documento emitido por MORENA.<\/p>\n\n\n\n<p>Agrega, que los acuerdos reflejan la capacidad de dialogo y la firmeza con la que se defienden los intereses de M\u00e9xico en el concierto internacional.<\/p>\n\n\n\n<p>La dirigencia estatal del partido en el Gobierno se\u00f1ala en su documento, que la actitud mostrada por la actual jefa del Ejecutivo Federal, repercutir\u00e1 en la cimentaci\u00f3n de un futuro m\u00e1s justo y pac\u00edfico para los habitantes de todo el pa\u00eds.<\/p>\n\n\n\n<div class=\"wp-block-jetpack-slideshow aligncenter\" data-effect=\"slide\"><div class=\"wp-block-jetpack-slideshow_container swiper-container\"><ul class=\"wp-block-jetpack-slideshow_swiper-wrapper swiper-wrapper\"><li class=\"wp-block-jetpack-slideshow_slide swiper-slide\"><figure><img decoding=\"async\" src=\"data:image\/gif;base64,R0lGODlhAQABAIAAAAAAAP\/\/\/ywAAAAAAQABAAACAUwAOw==\" fifu-lazy=\"1\" fifu-data-sizes=\"auto\" fifu-data-srcset=\"https:\/\/i0.wp.com\/www.interaccionnoticias.com.mx\/wp-content\/uploads\/2025\/02\/250203-Morena-a-791x1024.jpg?ssl=1&w=75&resize=75&ssl=1 75w, https:\/\/i0.wp.com\/www.interaccionnoticias.com.mx\/wp-content\/uploads\/2025\/02\/250203-Morena-a-791x1024.jpg?ssl=1&w=100&resize=100&ssl=1 100w, https:\/\/i0.wp.com\/www.interaccionnoticias.com.mx\/wp-content\/uploads\/2025\/02\/250203-Morena-a-791x1024.jpg?ssl=1&w=150&resize=150&ssl=1 150w, https:\/\/i0.wp.com\/www.interaccionnoticias.com.mx\/wp-content\/uploads\/2025\/02\/250203-Morena-a-791x1024.jpg?ssl=1&w=240&resize=240&ssl=1 240w, https:\/\/i0.wp.com\/www.interaccionnoticias.com.mx\/wp-content\/uploads\/2025\/02\/250203-Morena-a-791x1024.jpg?ssl=1&w=320&resize=320&ssl=1 320w, https:\/\/i0.wp.com\/www.interaccionnoticias.com.mx\/wp-content\/uploads\/2025\/02\/250203-Morena-a-791x1024.jpg?ssl=1&w=500&resize=500&ssl=1 500w, https:\/\/i0.wp.com\/www.interaccionnoticias.com.mx\/wp-content\/uploads\/2025\/02\/250203-Morena-a-791x1024.jpg?ssl=1&w=640&resize=640&ssl=1 640w, https:\/\/i0.wp.com\/www.interaccionnoticias.com.mx\/wp-content\/uploads\/2025\/02\/250203-Morena-a-791x1024.jpg?ssl=1&w=800&resize=800&ssl=1 800w, https:\/\/i0.wp.com\/www.interaccionnoticias.com.mx\/wp-content\/uploads\/2025\/02\/250203-Morena-a-791x1024.jpg?ssl=1&w=1024&resize=1024&ssl=1 1024w, https:\/\/i0.wp.com\/www.interaccionnoticias.com.mx\/wp-content\/uploads\/2025\/02\/250203-Morena-a-791x1024.jpg?ssl=1&w=1280&resize=1280&ssl=1 1280w, https:\/\/i0.wp.com\/www.interaccionnoticias.com.mx\/wp-content\/uploads\/2025\/02\/250203-Morena-a-791x1024.jpg?ssl=1&w=1600&resize=1600&ssl=1 1600w\" alt=\"\" class=\"wp-block-jetpack-slideshow_image wp-image-87140\" data-id=\"87140\" fifu-data-src=\"https:\/\/i0.wp.com\/www.interaccionnoticias.com.mx\/wp-content\/uploads\/2025\/02\/250203-Morena-a-791x1024.jpg?ssl=1\"\/><\/figure><\/li><\/ul><a class=\"wp-block-jetpack-slideshow_button-prev swiper-button-prev swiper-button-white\" role=\"button\"><\/a><a class=\"wp-block-jetpack-slideshow_button-next swiper-button-next swiper-button-white\" role=\"button\"><\/a><a aria-label=\"Pause Slideshow\" class=\"wp-block-jetpack-slideshow_button-pause\" role=\"button\"><\/a><div class=\"wp-block-jetpack-slideshow_pagination swiper-pagination swiper-pagination-white\"><\/div><\/div><\/div>\n","protected":false},"excerpt":{"rendered":"<p>&#8212; Ante la pausa en la aplicaci\u00f3n de los aranceles por parte del Gobierno de Estados Unidos Rogelio Agust\u00edn La dirigencia de MORENA-Guerrero manifest\u00f3 su respaldo a la presidenta de&hellip; <\/p>\n","protected":false},"author":21,"featured_media":87141,"comment_status":"open","ping_status":"open","sticky":false,"template":"","format":"standard","meta":{"fifu_image_url":"","fifu_image_alt":"","footnotes":""},"categories":[21],"tags":[],"class_list":["post-87139","post","type-post","status-publish","format-standard","has-post-thumbnail","hentry","category-politica"],"_links":{"self":[{"href":"https:\/\/www.interaccionnoticias.com.mx\/index.php?rest_route=\/wp\/v2\/posts\/87139","targetHints":{"allow":["GET"]}}],"collection":[{"href":"https:\/\/www.interaccionnoticias.com.mx\/index.php?rest_route=\/wp\/v2\/posts"}],"about":[{"href":"https:\/\/www.interaccionnoticias.com.mx\/index.php?rest_route=\/wp\/v2\/types\/post"}],"author":[{"embeddable":true,"href":"https:\/\/www.interaccionnoticias.com.mx\/index.php?rest_route=\/wp\/v2\/users\/21"}],"replies":[{"embeddable":true,"href":"https:\/\/www.interaccionnoticias.com.mx\/index.php?rest_route=%2Fwp%2Fv2%2Fcomments&post=87139"}],"version-history":[{"count":1,"href":"https:\/\/www.interaccionnoticias.com.mx\/index.php?rest_route=\/wp\/v2\/posts\/87139\/revisions"}],"predecessor-version":[{"id":87142,"href":"https:\/\/www.interaccionnoticias.com.mx\/index.php?rest_route=\/wp\/v2\/posts\/87139\/revisions\/87142"}],"wp:featuredmedia":[{"embeddable":true,"href":"https:\/\/www.interaccionnoticias.com.mx\/index.php?rest_route=\/wp\/v2\/media\/87141"}],"wp:attachment":[{"href":"https:\/\/www.interaccionnoticias.com.mx\/index.php?rest_route=%2Fwp%2Fv2%2Fmedia&parent=87139"}],"wp:term":[{"taxonomy":"category","embeddable":true,"href":"https:\/\/www.interaccionnoticias.com.mx\/index.php?rest_route=%2Fwp%2Fv2%2Fcategories&post=87139"},{"taxonomy":"post_tag","embeddable":true,"href":"https:\/\/www.interaccionnoticias.com.mx\/index.php?rest_route=%2Fwp%2Fv2%2Ftags&post=87139"}],"curies":[{"name":"wp","href":"https:\/\/api.w.org\/{rel}","templated":true}]}}