{"id":87119,"date":"2025-02-02T18:03:00","date_gmt":"2025-02-03T00:03:00","guid":{"rendered":"https:\/\/www.interaccionnoticias.com.mx\/?p=87119"},"modified":"2025-02-04T14:53:59","modified_gmt":"2025-02-04T20:53:59","slug":"la-uagro-no-puede-utilizarse-como-plataforma-politica-morena-guerrero","status":"publish","type":"post","link":"https:\/\/www.interaccionnoticias.com.mx\/?p=87119","title":{"rendered":"La UAGro no puede utilizarse como plataforma pol\u00edtica: MORENA-Guerrero"},"content":{"rendered":"\n<p><strong><em>&#8212; \u00abO te dedicas a enderezar la Universidad o te dedicas a hacer pol\u00edtica\u00bb, se\u00f1ala Jacinto Gonz\u00e1lez Varona<\/em><\/strong><\/p>\n\n\n\n<p><strong>Yasm\u00edn Garc\u00eda<\/strong><\/p>\n\n\n\n<p>El presidente del Comit\u00e9 Ejecutivo Estatal (CEE) de MORENA, Jacinto Gonz\u00e1lez Varona consider\u00f3 que el rector de la Universidad Aut\u00f3noma de Guerrero (UAGro), Javier Salda\u00f1a Almaz\u00e1n no puede dedicarse a la Universidad y a la pol\u00edtica de manera simult\u00e1nea, luego de que abiertamente manifest\u00f3 su inter\u00e9s de ser diputado local.<\/p>\n\n\n\n<p>\u00abSiempre lo he dicho; o te dedicas a la educaci\u00f3n, a enderezar la Universidad o te dedicas a hacer pol\u00edtica y yo creo que primero habria de definir si quiere; ser rector o diputado\u00bb, sostuvo<\/p>\n\n\n\n<p>El dirigente puntializ\u00f3 que Javier Salda\u00f1a no dijo de manera precisa por cual partido le gustar\u00eda ser legislador.<\/p>\n\n\n\n<p>Aclar\u00f3 que Salda\u00f1a Almaz\u00e1n no es militante de Morena, sin embargo, para ser candidato no necesariamente debe afiliarse, ya que hay un porcentaje destinado a candidaturas externas.<\/p>\n\n\n\n<p>Gonz\u00e1lez Varona consider\u00f3 que en su momento, el rector debe tener claro que ser\u00e1 el pueblo que defina las candidaturas que postular\u00e1 MORENA.<\/p>\n\n\n\n<p>Pidi\u00f3 a la poblaci\u00f3n mantenerse informada en las redes oficiales del partido y no dejarse llevar por declaraciones de personajes.<\/p>\n","protected":false},"excerpt":{"rendered":"<p>&#8212; \u00abO te dedicas a enderezar la Universidad o te dedicas a hacer pol\u00edtica\u00bb, se\u00f1ala Jacinto Gonz\u00e1lez Varona Yasm\u00edn Garc\u00eda El presidente del Comit\u00e9 Ejecutivo Estatal (CEE) de MORENA, Jacinto&hellip; <\/p>\n","protected":false},"author":32,"featured_media":87120,"comment_status":"open","ping_status":"open","sticky":false,"template":"","format":"standard","meta":{"fifu_image_url":"","fifu_image_alt":"","footnotes":""},"categories":[21],"tags":[],"class_list":["post-87119","post","type-post","status-publish","format-standard","has-post-thumbnail","hentry","category-politica"],"_links":{"self":[{"href":"https:\/\/www.interaccionnoticias.com.mx\/index.php?rest_route=\/wp\/v2\/posts\/87119","targetHints":{"allow":["GET"]}}],"collection":[{"href":"https:\/\/www.interaccionnoticias.com.mx\/index.php?rest_route=\/wp\/v2\/posts"}],"about":[{"href":"https:\/\/www.interaccionnoticias.com.mx\/index.php?rest_route=\/wp\/v2\/types\/post"}],"author":[{"embeddable":true,"href":"https:\/\/www.interaccionnoticias.com.mx\/index.php?rest_route=\/wp\/v2\/users\/32"}],"replies":[{"embeddable":true,"href":"https:\/\/www.interaccionnoticias.com.mx\/index.php?rest_route=%2Fwp%2Fv2%2Fcomments&post=87119"}],"version-history":[{"count":1,"href":"https:\/\/www.interaccionnoticias.com.mx\/index.php?rest_route=\/wp\/v2\/posts\/87119\/revisions"}],"predecessor-version":[{"id":87121,"href":"https:\/\/www.interaccionnoticias.com.mx\/index.php?rest_route=\/wp\/v2\/posts\/87119\/revisions\/87121"}],"wp:featuredmedia":[{"embeddable":true,"href":"https:\/\/www.interaccionnoticias.com.mx\/index.php?rest_route=\/wp\/v2\/media\/87120"}],"wp:attachment":[{"href":"https:\/\/www.interaccionnoticias.com.mx\/index.php?rest_route=%2Fwp%2Fv2%2Fmedia&parent=87119"}],"wp:term":[{"taxonomy":"category","embeddable":true,"href":"https:\/\/www.interaccionnoticias.com.mx\/index.php?rest_route=%2Fwp%2Fv2%2Fcategories&post=87119"},{"taxonomy":"post_tag","embeddable":true,"href":"https:\/\/www.interaccionnoticias.com.mx\/index.php?rest_route=%2Fwp%2Fv2%2Ftags&post=87119"}],"curies":[{"name":"wp","href":"https:\/\/api.w.org\/{rel}","templated":true}]}}