{"id":87097,"date":"2025-01-31T16:29:56","date_gmt":"2025-01-31T22:29:56","guid":{"rendered":"https:\/\/www.interaccionnoticias.com.mx\/?p=87097"},"modified":"2025-01-31T16:29:58","modified_gmt":"2025-01-31T22:29:58","slug":"legitima-la-aspiracion-de-marcial-rodriguez-a-la-gubernatura","status":"publish","type":"post","link":"https:\/\/www.interaccionnoticias.com.mx\/?p=87097","title":{"rendered":"Leg\u00edtima, la aspiraci\u00f3n de Marcial Rodr\u00edguez a la gubernatura"},"content":{"rendered":"\n<p>Leg\u00edtima, la aspiraci\u00f3n de Marcial Rodr\u00edguez a la gubernatura de Guerrero, dice el dirigente estatal de MORENA<\/p>\n\n\n\n<p><strong><em>&#8212; Jacinto Gonz\u00e1lez Varona considera que Rodr\u00edguez Salda\u00f1a hizo un buen trabajo al frente de la Secretar\u00eda de Educaci\u00f3n<br>&#8212; Sostiene que el magisterio tiene muchos problemas, incluso internos<\/em><\/strong><\/p>\n\n\n\n<p><strong>Yasm\u00edn Garc\u00eda<\/strong><\/p>\n\n\n\n<p>El presidente del Comit\u00e9 Ejecutivo Estatal (CEE) de Morena, Jacinto Gonz\u00e1lez Varona sostuvo que la aspiraci\u00f3n a la gubernatura de Marcial Rodr\u00edguez Salda\u00f1a, ex titular de la Secretar\u00eda de Educaci\u00f3n Guerrero (SEG) es leg\u00edtima, pero aclar\u00f3 que en su momento, ser\u00e1 el pueblo el que decida.<\/p>\n\n\n\n<p>Entrevistado v\u00eda telef\u00f3nica, el l\u00edder de MORENA indic\u00f3 que cualquier militante que conozca Guerrero y el partido puede ser candidato, \u00abpero en su tiempo, ahorita no estamos en ese momento, respetamos su opini\u00f3n\u00bb.<\/p>\n\n\n\n<p>Ayer la gobernadora de Guerrero, Evelyn Salgado Pineda anunci\u00f3 la destituci\u00f3n de Marcial Rodr\u00edguez, quien estuvo frente a la SEG durante tres a\u00f1os.<\/p>\n\n\n\n<p>Gonz\u00e1lez Varona consider\u00f3 que los movimientos que hace en su gabinete Salgado Pineda son conforme a las demandas del estado, por lo que \u00e9l siempre respetar\u00e1 los cambios.<\/p>\n\n\n\n<p>\u00abPrimero los movimientos que hace la gobernadora los hace conforme a la necesidad que ella tiene y que le demanda el estado de Guerrero, para tener su gabinete acorde a las exigencias que el estado y ciudadan\u00eda demandan, siempre voy a respetar los movimientos que haga quiero imaginar que es conforme a la necesidad\u00bb, sostuvo.<\/p>\n\n\n\n<p>Recalc\u00f3 que Rodr\u00edguez Salda\u00f1a ha sido un militante fundador de MORENA, incluso, fue secretario general de con funciones de presidente en 2021.<\/p>\n\n\n\n<p>Consider\u00f3 que el trabajo que desempe\u00f1\u00f3 durante los tres a\u00f1os como titular de la SEG lo hizo bien conforme a la medida de sus posibilidades, ya que el magisterio tiene varias problem\u00e1ticas como la falta de techo presupuestal.<\/p>\n\n\n\n<p>\u00abSabemos la problem\u00e1tica que existe en el magisterio cualquier secretario que llegue va a tener protestas porque tenemos un gran n\u00famero de profesores fuera del techo presupuestario entonces no es f\u00e1cil sin embargo, creo que lo hizo dentro de los est\u00e1ndares de aceptaci\u00f3n como secretario su margen de maniobra depend\u00eda mucho del presupuesto\u00bb, manifest\u00f3.<\/p>\n\n\n\n<p>El ex titular de la SEG, se despidi\u00f3 en una carta y anunci\u00f3 su aspiraci\u00f3n a la gubernatura en el 2027.<\/p>\n\n\n\n<p>Gonz\u00e1lez Varona le deseo \u00e9xito en sus nuevas actividades de docencia, \u00abfue buen secretario, digo dur\u00f3 tres a\u00f1os y eso es de aplaudirse\u00bb.<\/p>\n","protected":false},"excerpt":{"rendered":"<p>Leg\u00edtima, la aspiraci\u00f3n de Marcial Rodr\u00edguez a la gubernatura de Guerrero, dice el dirigente estatal de MORENA &#8212; Jacinto Gonz\u00e1lez Varona considera que Rodr\u00edguez Salda\u00f1a hizo un buen trabajo al&hellip; <\/p>\n","protected":false},"author":32,"featured_media":87098,"comment_status":"open","ping_status":"open","sticky":false,"template":"","format":"standard","meta":{"fifu_image_url":"","fifu_image_alt":"","footnotes":""},"categories":[21],"tags":[],"class_list":["post-87097","post","type-post","status-publish","format-standard","has-post-thumbnail","hentry","category-politica"],"_links":{"self":[{"href":"https:\/\/www.interaccionnoticias.com.mx\/index.php?rest_route=\/wp\/v2\/posts\/87097","targetHints":{"allow":["GET"]}}],"collection":[{"href":"https:\/\/www.interaccionnoticias.com.mx\/index.php?rest_route=\/wp\/v2\/posts"}],"about":[{"href":"https:\/\/www.interaccionnoticias.com.mx\/index.php?rest_route=\/wp\/v2\/types\/post"}],"author":[{"embeddable":true,"href":"https:\/\/www.interaccionnoticias.com.mx\/index.php?rest_route=\/wp\/v2\/users\/32"}],"replies":[{"embeddable":true,"href":"https:\/\/www.interaccionnoticias.com.mx\/index.php?rest_route=%2Fwp%2Fv2%2Fcomments&post=87097"}],"version-history":[{"count":1,"href":"https:\/\/www.interaccionnoticias.com.mx\/index.php?rest_route=\/wp\/v2\/posts\/87097\/revisions"}],"predecessor-version":[{"id":87099,"href":"https:\/\/www.interaccionnoticias.com.mx\/index.php?rest_route=\/wp\/v2\/posts\/87097\/revisions\/87099"}],"wp:featuredmedia":[{"embeddable":true,"href":"https:\/\/www.interaccionnoticias.com.mx\/index.php?rest_route=\/wp\/v2\/media\/87098"}],"wp:attachment":[{"href":"https:\/\/www.interaccionnoticias.com.mx\/index.php?rest_route=%2Fwp%2Fv2%2Fmedia&parent=87097"}],"wp:term":[{"taxonomy":"category","embeddable":true,"href":"https:\/\/www.interaccionnoticias.com.mx\/index.php?rest_route=%2Fwp%2Fv2%2Fcategories&post=87097"},{"taxonomy":"post_tag","embeddable":true,"href":"https:\/\/www.interaccionnoticias.com.mx\/index.php?rest_route=%2Fwp%2Fv2%2Ftags&post=87097"}],"curies":[{"name":"wp","href":"https:\/\/api.w.org\/{rel}","templated":true}]}}