{"id":8709,"date":"2017-09-29T17:41:25","date_gmt":"2017-09-29T22:41:25","guid":{"rendered":"http:\/\/www.inter-accion.com.mx\/?p=8709"},"modified":"2017-09-29T17:41:25","modified_gmt":"2017-09-29T22:41:25","slug":"matan-a-dos-jovenes-en-chilapa","status":"publish","type":"post","link":"https:\/\/www.interaccionnoticias.com.mx\/?p=8709","title":{"rendered":"Matan a dos j\u00f3venes en Chilapa"},"content":{"rendered":"<div id=\"m5332\" class=\"mail-message expanded\">\n<div class=\"mail-message-content collapsible zoom-normal mail-show-images m15ecfc4e2eca5950\">\n<div class=\"clear\">\n<div dir=\"ltr\">\n<div id=\"m_-7674535713377004584divtagdefaultwrapper\" dir=\"ltr\">\n<div id=\"m_-7674535713377004584divtagdefaultwrapper\" dir=\"ltr\">\n<p class=\"m_-7674535713377004584xmsonormal\"><strong>Eran hermanos de un desaparecido<\/strong><\/p>\n<p class=\"m_-7674535713377004584xmsonormal\">El Centro de Derechos Humanos, Jos\u00e9 Mar\u00eda Morelos y Pav\u00f3n denunci\u00f3 que supuestos&nbsp;&nbsp;integrantes del crimen organizado asesinaron a dos j\u00f3venes que son hermanos de una v\u00edctima de desaparici\u00f3n forzada, en la cabecera municipal de Chilapa.<\/p>\n<p class=\"m_-7674535713377004584xmsonormal\">De acuerdo con un comunicado del Centro Morelos, las v\u00edctimas son los hermanos L\u00e1zaro y Germ\u00e1n S\u00e1nchez Reyes, de 19 y 17 a\u00f1os respectivamente, quienes son hermanos de Miguel S\u00e1nchez, una persona que est\u00e1 desaparecida desde diciembre de 2014.<\/p>\n<p class=\"m_-7674535713377004584xmsonormal\">Manuel Olivares Hern\u00e1ndez, vocero del Centro Morelos, explic\u00f3 que los hermanos S\u00e1nchez acostumbraban jugar en las canchas en que ocurrieron los hechos, de manera rutinaria regresaban a su casa alrededor de las 19:00 horas.<\/p>\n<p class=\"m_-7674535713377004584xmsonormal\">Ellos fueron atacados con arma de fuego y lesionados con artefactos punzocortantes.<\/p>\n<p class=\"m_-7674535713377004584xmsonormal\">L\u00e1zaro S\u00e1nchez presentaba un balazo en la cabeza, en tanto que su hermano ten\u00eda impactos en diferentes partes del cuerpo, adem\u00e1s de cortaduras y moretones.<\/p>\n<p class=\"m_-7674535713377004584xmsonormal\">Olivares Hern\u00e1ndez solicit\u00f3 a las autoridades que cuanto antes aporten resultados en la investigaci\u00f3n que se debe iniciar para tratar de llegar a la verdad.<\/p>\n<p class=\"m_-7674535713377004584xmsonormal\">Explic\u00f3 que en lo que va del a\u00f1o van m\u00e1s de 200 personas que son asesinadas por los grupos del crimen que se disputan el territorio, sin que hasta el momento haya acciones por parte de las autoridades para detener \u201ctanto acto sanguinario\u201d.<\/p>\n<p class=\"m_-7674535713377004584xmsonormal\">\u201cAqu\u00ed todos los operativos de seguridad que ponen en marcha han fracasado\u201d, asegur\u00f3 el defensor de derechos humanos.<span class=\"m_-7674535713377004584apple-converted-space\">&nbsp;<\/span><\/p>\n<\/div>\n<\/div>\n<\/div>\n<\/div>\n<\/div>\n<div class=\"mail-message-footer spacer collapsible\">&nbsp;<\/div>\n<\/div>\n","protected":false},"excerpt":{"rendered":"<p>Eran hermanos de un desaparecido El Centro de Derechos Humanos, Jos\u00e9 Mar\u00eda Morelos y Pav\u00f3n denunci\u00f3 que supuestos&nbsp;&nbsp;integrantes del crimen organizado asesinaron a dos j\u00f3venes que son hermanos de una&hellip; <\/p>\n","protected":false},"author":1,"featured_media":0,"comment_status":"closed","ping_status":"closed","sticky":false,"template":"","format":"standard","meta":{"fifu_image_url":"","fifu_image_alt":"","footnotes":""},"categories":[8,27],"tags":[],"class_list":["post-8709","post","type-post","status-publish","format-standard","hentry","category-featured","category-seguridad-publica"],"_links":{"self":[{"href":"https:\/\/www.interaccionnoticias.com.mx\/index.php?rest_route=\/wp\/v2\/posts\/8709","targetHints":{"allow":["GET"]}}],"collection":[{"href":"https:\/\/www.interaccionnoticias.com.mx\/index.php?rest_route=\/wp\/v2\/posts"}],"about":[{"href":"https:\/\/www.interaccionnoticias.com.mx\/index.php?rest_route=\/wp\/v2\/types\/post"}],"author":[{"embeddable":true,"href":"https:\/\/www.interaccionnoticias.com.mx\/index.php?rest_route=\/wp\/v2\/users\/1"}],"replies":[{"embeddable":true,"href":"https:\/\/www.interaccionnoticias.com.mx\/index.php?rest_route=%2Fwp%2Fv2%2Fcomments&post=8709"}],"version-history":[{"count":0,"href":"https:\/\/www.interaccionnoticias.com.mx\/index.php?rest_route=\/wp\/v2\/posts\/8709\/revisions"}],"wp:attachment":[{"href":"https:\/\/www.interaccionnoticias.com.mx\/index.php?rest_route=%2Fwp%2Fv2%2Fmedia&parent=8709"}],"wp:term":[{"taxonomy":"category","embeddable":true,"href":"https:\/\/www.interaccionnoticias.com.mx\/index.php?rest_route=%2Fwp%2Fv2%2Fcategories&post=8709"},{"taxonomy":"post_tag","embeddable":true,"href":"https:\/\/www.interaccionnoticias.com.mx\/index.php?rest_route=%2Fwp%2Fv2%2Ftags&post=8709"}],"curies":[{"name":"wp","href":"https:\/\/api.w.org\/{rel}","templated":true}]}}