{"id":87083,"date":"2025-01-31T13:36:10","date_gmt":"2025-01-31T19:36:10","guid":{"rendered":"https:\/\/www.interaccionnoticias.com.mx\/?p=87083"},"modified":"2025-01-31T13:36:12","modified_gmt":"2025-01-31T19:36:12","slug":"con-bloqueo-a-la-entrada-principal-de-chilapa-logran-la-asignacion-de-intendente-para-jardin-de-ninos","status":"publish","type":"post","link":"https:\/\/www.interaccionnoticias.com.mx\/?p=87083","title":{"rendered":"Con bloqueo a la entrada principal de Chilapa, logran la asignaci\u00f3n de intendente para jard\u00edn de ni\u00f1os"},"content":{"rendered":"\n<p><strong><em>&#8212; Llevaban cien d\u00edas en paro, hasta que radicalizaron sus protestas<\/em><\/strong><\/p>\n\n\n\n<p><strong>Jes\u00fas Dorantes<\/strong><\/p>\n\n\n\n<p>Chilpancingo, Gro.- Padres de familia y profesores del jard\u00edn de ni\u00f1os \u00abAmado Rodr\u00edguez\u00bb, ubicado en de Chilapa de \u00c1lvarez, bloquearon la entrada principal de dicha ciudad para llamar la atenci\u00f3n de la Secretar\u00eda de Educaci\u00f3n Guerrero (SEG).<\/p>\n\n\n\n<p>La ma\u00f1ana de este viernes, los inconformes ampliaron sus actividades de protesta con el bloqueo en Los \u201cArcos\u201d de Chilapa desde las 06:00 horas, luego de denunciar que tras varios d\u00edas de protesta no hab\u00edan recibido ninguna respuesta por parte de la SEG.<\/p>\n\n\n\n<p>En entrevista la profesora Guadalupe Flores Jaimes denunci\u00f3 que tras suspender labores a manera de protesta, 164 ni\u00f1os se quedaron sin clases desde hace 100 d\u00edas, y los profesores sin el apoyo de un intendente en su centro de trabajo.<\/p>\n\n\n\n<p>Se\u00f1al\u00f3 que desde hace seis meses, el intendente fue cambiado de centro de trabajo, sin que hasta la fecha se enviara un remplazo para dicho espacio.<\/p>\n\n\n\n<p>Luego de seis horas de bloqueo, la protesta se disip\u00f3 tras la instalaci\u00f3n de una mesa de trabajo y alcanzar un acuerdo sobre la integraci\u00f3n de un nuevo intendente a dicho centro escolar.<\/p>\n","protected":false},"excerpt":{"rendered":"<p>&#8212; Llevaban cien d\u00edas en paro, hasta que radicalizaron sus protestas Jes\u00fas Dorantes Chilpancingo, Gro.- Padres de familia y profesores del jard\u00edn de ni\u00f1os \u00abAmado Rodr\u00edguez\u00bb, ubicado en de Chilapa&hellip; <\/p>\n","protected":false},"author":8,"featured_media":87084,"comment_status":"open","ping_status":"open","sticky":false,"template":"","format":"standard","meta":{"fifu_image_url":"","fifu_image_alt":"","footnotes":""},"categories":[6],"tags":[],"class_list":["post-87083","post","type-post","status-publish","format-standard","has-post-thumbnail","hentry","category-educacion"],"_links":{"self":[{"href":"https:\/\/www.interaccionnoticias.com.mx\/index.php?rest_route=\/wp\/v2\/posts\/87083","targetHints":{"allow":["GET"]}}],"collection":[{"href":"https:\/\/www.interaccionnoticias.com.mx\/index.php?rest_route=\/wp\/v2\/posts"}],"about":[{"href":"https:\/\/www.interaccionnoticias.com.mx\/index.php?rest_route=\/wp\/v2\/types\/post"}],"author":[{"embeddable":true,"href":"https:\/\/www.interaccionnoticias.com.mx\/index.php?rest_route=\/wp\/v2\/users\/8"}],"replies":[{"embeddable":true,"href":"https:\/\/www.interaccionnoticias.com.mx\/index.php?rest_route=%2Fwp%2Fv2%2Fcomments&post=87083"}],"version-history":[{"count":1,"href":"https:\/\/www.interaccionnoticias.com.mx\/index.php?rest_route=\/wp\/v2\/posts\/87083\/revisions"}],"predecessor-version":[{"id":87085,"href":"https:\/\/www.interaccionnoticias.com.mx\/index.php?rest_route=\/wp\/v2\/posts\/87083\/revisions\/87085"}],"wp:featuredmedia":[{"embeddable":true,"href":"https:\/\/www.interaccionnoticias.com.mx\/index.php?rest_route=\/wp\/v2\/media\/87084"}],"wp:attachment":[{"href":"https:\/\/www.interaccionnoticias.com.mx\/index.php?rest_route=%2Fwp%2Fv2%2Fmedia&parent=87083"}],"wp:term":[{"taxonomy":"category","embeddable":true,"href":"https:\/\/www.interaccionnoticias.com.mx\/index.php?rest_route=%2Fwp%2Fv2%2Fcategories&post=87083"},{"taxonomy":"post_tag","embeddable":true,"href":"https:\/\/www.interaccionnoticias.com.mx\/index.php?rest_route=%2Fwp%2Fv2%2Ftags&post=87083"}],"curies":[{"name":"wp","href":"https:\/\/api.w.org\/{rel}","templated":true}]}}