{"id":87079,"date":"2025-01-31T13:26:29","date_gmt":"2025-01-31T19:26:29","guid":{"rendered":"https:\/\/www.interaccionnoticias.com.mx\/?p=87079"},"modified":"2025-01-31T13:26:31","modified_gmt":"2025-01-31T19:26:31","slug":"pide-pri-guerrero-estrategia-para-evitar-alza-en-los-precios-de-la-canasta-basica","status":"publish","type":"post","link":"https:\/\/www.interaccionnoticias.com.mx\/?p=87079","title":{"rendered":"Pide PRI-Guerrero estrategia para evitar alza en los precios de la canasta b\u00e1sica"},"content":{"rendered":"\n<p><strong><em>&#8212; Los efectos de la carest\u00eda se perciben en las ocho regiones, particularmente en la Monta\u00f1a y Sierra<\/em><\/strong><\/p>\n\n\n\n<p><strong>Rogelio Agust\u00edn<\/strong><\/p>\n\n\n\n<p>El coordinador del Grupo Parlamentario del PRI en el Congreso local, Alejandro Bravo Abarca sostuvo que los precios de los productos de la canasta b\u00e1sica han aumentado constantemente durante los \u00faltimo seis a\u00f1os, por lo que urge implementar pol\u00edticas p\u00fablicas que disminuyan el nivel de afectaci\u00f3n a las familias.<\/p>\n\n\n\n<p>Acompa\u00f1ado por sus compa\u00f1eras Pilar Vadillo Ruiz y Beatriz V\u00e9lez N\u00fa\u00f1ez, el tambi\u00e9n dirigente estatal del tricolor sostuvo que la carest\u00eda impacta el bolsillo de las y los mexicanos, especialmente en Guerrero, donde la mayor\u00eda de la poblaci\u00f3n es de escasos recursos.<\/p>\n\n\n\n<p>Las zonas m\u00e1s afectadas, indic\u00f3 que sin duda son la Monta\u00f1a y la Sierra, donde los productos ya llegan con sobreprecio por el tema de los traslados.<\/p>\n\n\n\n<p>En Iguala de la Independencia, Bravo Abarca refiri\u00f3 que los productos b\u00e1sicos se han encarecido en los \u00faltimos a\u00f1os, haciendo que las familias mexicanas descarten cada vez m\u00e1s alimentos de su consumo diario.<\/p>\n\n\n\n<p>\u00abHasta noviembre pasado los precios de productos de la canasta b\u00e1sica, aumentaron hasta en un 23% de acuerdo al \u00cdndice Nacional de Precios al Consumidor, como en el caso del tomate, frijol, huevo y papa\u00bb, dijo el dirigente.<\/p>\n\n\n\n<p>Manifest\u00f3 que las familias con menos ingresos son las que m\u00e1s resienten las alzas, debido a que consumen a precios de menudeo, en el d\u00eda a d\u00eda, en una din\u00e1mica de aumento constante del sustento m\u00ednimo, que es necesario para subsistir.<\/p>\n\n\n\n<p>Indic\u00f3 que la econom\u00eda familiar se ha desestabilizado y comprometido severamente con aumentos de hasta 65% en el precio de las frutas, as\u00ed como del 50% en alimentos.<\/p>\n\n\n\n<p>Lament\u00f3 la desaparici\u00f3n de los comedores familiares de SEDESOL, lo que afect\u00f3 a m\u00e1s de 500 mil beneficiarios que asist\u00edan a los m\u00e1s de 5 mil 500 comedores a lo largo de M\u00e9xico.<\/p>\n\n\n\n<p>Sostuvo que mientras no haya un redise\u00f1o de las pol\u00edticas p\u00fablicas en la entidad, la carest\u00eda seguir\u00e1 al alza, lo que incrementar\u00e1 la inconformidad social.<\/p>\n\n\n\n<div class=\"wp-block-jetpack-slideshow aligncenter\" data-effect=\"slide\"><div class=\"wp-block-jetpack-slideshow_container swiper-container\"><ul class=\"wp-block-jetpack-slideshow_swiper-wrapper swiper-wrapper\"><li class=\"wp-block-jetpack-slideshow_slide swiper-slide\"><figure><img decoding=\"async\" src=\"data:image\/gif;base64,R0lGODlhAQABAIAAAAAAAP\/\/\/ywAAAAAAQABAAACAUwAOw==\" fifu-lazy=\"1\" fifu-data-sizes=\"auto\" fifu-data-srcset=\"https:\/\/i2.wp.com\/www.interaccionnoticias.com.mx\/wp-content\/uploads\/2025\/01\/250131-PRI-Guerrero-2-1024x683.jpg?ssl=1&w=75&resize=75&ssl=1 75w, https:\/\/i2.wp.com\/www.interaccionnoticias.com.mx\/wp-content\/uploads\/2025\/01\/250131-PRI-Guerrero-2-1024x683.jpg?ssl=1&w=100&resize=100&ssl=1 100w, https:\/\/i2.wp.com\/www.interaccionnoticias.com.mx\/wp-content\/uploads\/2025\/01\/250131-PRI-Guerrero-2-1024x683.jpg?ssl=1&w=150&resize=150&ssl=1 150w, https:\/\/i2.wp.com\/www.interaccionnoticias.com.mx\/wp-content\/uploads\/2025\/01\/250131-PRI-Guerrero-2-1024x683.jpg?ssl=1&w=240&resize=240&ssl=1 240w, https:\/\/i2.wp.com\/www.interaccionnoticias.com.mx\/wp-content\/uploads\/2025\/01\/250131-PRI-Guerrero-2-1024x683.jpg?ssl=1&w=320&resize=320&ssl=1 320w, https:\/\/i2.wp.com\/www.interaccionnoticias.com.mx\/wp-content\/uploads\/2025\/01\/250131-PRI-Guerrero-2-1024x683.jpg?ssl=1&w=500&resize=500&ssl=1 500w, https:\/\/i2.wp.com\/www.interaccionnoticias.com.mx\/wp-content\/uploads\/2025\/01\/250131-PRI-Guerrero-2-1024x683.jpg?ssl=1&w=640&resize=640&ssl=1 640w, https:\/\/i2.wp.com\/www.interaccionnoticias.com.mx\/wp-content\/uploads\/2025\/01\/250131-PRI-Guerrero-2-1024x683.jpg?ssl=1&w=800&resize=800&ssl=1 800w, https:\/\/i2.wp.com\/www.interaccionnoticias.com.mx\/wp-content\/uploads\/2025\/01\/250131-PRI-Guerrero-2-1024x683.jpg?ssl=1&w=1024&resize=1024&ssl=1 1024w, https:\/\/i2.wp.com\/www.interaccionnoticias.com.mx\/wp-content\/uploads\/2025\/01\/250131-PRI-Guerrero-2-1024x683.jpg?ssl=1&w=1280&resize=1280&ssl=1 1280w, https:\/\/i2.wp.com\/www.interaccionnoticias.com.mx\/wp-content\/uploads\/2025\/01\/250131-PRI-Guerrero-2-1024x683.jpg?ssl=1&w=1600&resize=1600&ssl=1 1600w\" alt=\"\" class=\"wp-block-jetpack-slideshow_image wp-image-87080\" data-id=\"87080\" fifu-data-src=\"https:\/\/i2.wp.com\/www.interaccionnoticias.com.mx\/wp-content\/uploads\/2025\/01\/250131-PRI-Guerrero-2-1024x683.jpg?ssl=1\"\/><\/figure><\/li><li class=\"wp-block-jetpack-slideshow_slide swiper-slide\"><figure><img decoding=\"async\" src=\"data:image\/gif;base64,R0lGODlhAQABAIAAAAAAAP\/\/\/ywAAAAAAQABAAACAUwAOw==\" fifu-lazy=\"1\" fifu-data-sizes=\"auto\" fifu-data-srcset=\"https:\/\/i1.wp.com\/www.interaccionnoticias.com.mx\/wp-content\/uploads\/2025\/01\/250131-PRI-Guerrero-1-1024x683.jpg?ssl=1&w=75&resize=75&ssl=1 75w, https:\/\/i1.wp.com\/www.interaccionnoticias.com.mx\/wp-content\/uploads\/2025\/01\/250131-PRI-Guerrero-1-1024x683.jpg?ssl=1&w=100&resize=100&ssl=1 100w, https:\/\/i1.wp.com\/www.interaccionnoticias.com.mx\/wp-content\/uploads\/2025\/01\/250131-PRI-Guerrero-1-1024x683.jpg?ssl=1&w=150&resize=150&ssl=1 150w, https:\/\/i1.wp.com\/www.interaccionnoticias.com.mx\/wp-content\/uploads\/2025\/01\/250131-PRI-Guerrero-1-1024x683.jpg?ssl=1&w=240&resize=240&ssl=1 240w, https:\/\/i1.wp.com\/www.interaccionnoticias.com.mx\/wp-content\/uploads\/2025\/01\/250131-PRI-Guerrero-1-1024x683.jpg?ssl=1&w=320&resize=320&ssl=1 320w, https:\/\/i1.wp.com\/www.interaccionnoticias.com.mx\/wp-content\/uploads\/2025\/01\/250131-PRI-Guerrero-1-1024x683.jpg?ssl=1&w=500&resize=500&ssl=1 500w, https:\/\/i1.wp.com\/www.interaccionnoticias.com.mx\/wp-content\/uploads\/2025\/01\/250131-PRI-Guerrero-1-1024x683.jpg?ssl=1&w=640&resize=640&ssl=1 640w, https:\/\/i1.wp.com\/www.interaccionnoticias.com.mx\/wp-content\/uploads\/2025\/01\/250131-PRI-Guerrero-1-1024x683.jpg?ssl=1&w=800&resize=800&ssl=1 800w, https:\/\/i1.wp.com\/www.interaccionnoticias.com.mx\/wp-content\/uploads\/2025\/01\/250131-PRI-Guerrero-1-1024x683.jpg?ssl=1&w=1024&resize=1024&ssl=1 1024w, https:\/\/i1.wp.com\/www.interaccionnoticias.com.mx\/wp-content\/uploads\/2025\/01\/250131-PRI-Guerrero-1-1024x683.jpg?ssl=1&w=1280&resize=1280&ssl=1 1280w, https:\/\/i1.wp.com\/www.interaccionnoticias.com.mx\/wp-content\/uploads\/2025\/01\/250131-PRI-Guerrero-1-1024x683.jpg?ssl=1&w=1600&resize=1600&ssl=1 1600w\" alt=\"\" class=\"wp-block-jetpack-slideshow_image wp-image-87081\" data-id=\"87081\" fifu-data-src=\"https:\/\/i1.wp.com\/www.interaccionnoticias.com.mx\/wp-content\/uploads\/2025\/01\/250131-PRI-Guerrero-1-1024x683.jpg?ssl=1\"\/><\/figure><\/li><\/ul><a class=\"wp-block-jetpack-slideshow_button-prev swiper-button-prev swiper-button-white\" role=\"button\"><\/a><a class=\"wp-block-jetpack-slideshow_button-next swiper-button-next swiper-button-white\" role=\"button\"><\/a><a aria-label=\"Pause Slideshow\" class=\"wp-block-jetpack-slideshow_button-pause\" role=\"button\"><\/a><div class=\"wp-block-jetpack-slideshow_pagination swiper-pagination swiper-pagination-white\"><\/div><\/div><\/div>\n","protected":false},"excerpt":{"rendered":"<p>&#8212; Los efectos de la carest\u00eda se perciben en las ocho regiones, particularmente en la Monta\u00f1a y Sierra Rogelio Agust\u00edn El coordinador del Grupo Parlamentario del PRI en el Congreso&hellip; <\/p>\n","protected":false},"author":21,"featured_media":87081,"comment_status":"open","ping_status":"open","sticky":false,"template":"","format":"standard","meta":{"fifu_image_url":"","fifu_image_alt":"","footnotes":""},"categories":[21],"tags":[],"class_list":["post-87079","post","type-post","status-publish","format-standard","has-post-thumbnail","hentry","category-politica"],"_links":{"self":[{"href":"https:\/\/www.interaccionnoticias.com.mx\/index.php?rest_route=\/wp\/v2\/posts\/87079","targetHints":{"allow":["GET"]}}],"collection":[{"href":"https:\/\/www.interaccionnoticias.com.mx\/index.php?rest_route=\/wp\/v2\/posts"}],"about":[{"href":"https:\/\/www.interaccionnoticias.com.mx\/index.php?rest_route=\/wp\/v2\/types\/post"}],"author":[{"embeddable":true,"href":"https:\/\/www.interaccionnoticias.com.mx\/index.php?rest_route=\/wp\/v2\/users\/21"}],"replies":[{"embeddable":true,"href":"https:\/\/www.interaccionnoticias.com.mx\/index.php?rest_route=%2Fwp%2Fv2%2Fcomments&post=87079"}],"version-history":[{"count":1,"href":"https:\/\/www.interaccionnoticias.com.mx\/index.php?rest_route=\/wp\/v2\/posts\/87079\/revisions"}],"predecessor-version":[{"id":87082,"href":"https:\/\/www.interaccionnoticias.com.mx\/index.php?rest_route=\/wp\/v2\/posts\/87079\/revisions\/87082"}],"wp:featuredmedia":[{"embeddable":true,"href":"https:\/\/www.interaccionnoticias.com.mx\/index.php?rest_route=\/wp\/v2\/media\/87081"}],"wp:attachment":[{"href":"https:\/\/www.interaccionnoticias.com.mx\/index.php?rest_route=%2Fwp%2Fv2%2Fmedia&parent=87079"}],"wp:term":[{"taxonomy":"category","embeddable":true,"href":"https:\/\/www.interaccionnoticias.com.mx\/index.php?rest_route=%2Fwp%2Fv2%2Fcategories&post=87079"},{"taxonomy":"post_tag","embeddable":true,"href":"https:\/\/www.interaccionnoticias.com.mx\/index.php?rest_route=%2Fwp%2Fv2%2Ftags&post=87079"}],"curies":[{"name":"wp","href":"https:\/\/api.w.org\/{rel}","templated":true}]}}