{"id":87075,"date":"2025-01-31T12:50:46","date_gmt":"2025-01-31T18:50:46","guid":{"rendered":"https:\/\/www.interaccionnoticias.com.mx\/?p=87075"},"modified":"2025-01-31T12:50:48","modified_gmt":"2025-01-31T18:50:48","slug":"mision-cumplida-dice-ex-secretario-de-educacion-y-anticipa-que-va-por-la-gubernatura-de-guerrero","status":"publish","type":"post","link":"https:\/\/www.interaccionnoticias.com.mx\/?p=87075","title":{"rendered":"\u201cMisi\u00f3n cumplida\u201d, dice ex secretario de Educaci\u00f3n y anticipa que va por la gubernatura de Guerrero"},"content":{"rendered":"\n<p><strong><em>&#8212; Marcial Rodr\u00edguez Salda\u00f1a dice en una carta que por el momento regresar\u00e1 a la docencia y la investigaci\u00f3n<br>&#8212; Se dice satisfecho por el trabajo realizado<\/em><\/strong><\/p>\n\n\n\n<p><strong>Rogelio Agust\u00edn<\/strong><\/p>\n\n\n\n<p>En su carta de despedida, el ex secretario de Educaci\u00f3n de Guerrero, Marcial Rodriguez Salda\u00f1a manifest\u00f3 que se iba del cargo satisfecho por su \u201cmisi\u00f3n cumplida\u201d y anticip\u00f3 que en 2027 analizar\u00e1 si hay condiciones para contender por la gubernatura de Guerrero bajo las siglas de MORENA.<\/p>\n\n\n\n<p>Rodr\u00edguez Salda\u00f1a, adem\u00e1s de ser el primer titular de la SEG en la administraci\u00f3n que encabeza la gobernadora Evelyn Salgado Pineda, tiene como antecedente curricular haber sido dirigente estatal de MORENA.<\/p>\n\n\n\n<p>La noche del jueves 30 de enero, el doctor en Derecho emiti\u00f3 un comunicado en el que se dirige a la opini\u00f3n p\u00fablica para informar que hab\u00eda dejado el encargo de titular de la SEG.<\/p>\n\n\n\n<p>Agradeci\u00f3 a los maestros y maestras, a los y las trabajadoras del sector, que le otorgaron todo el respaldo para realizar los trabajos propios del encargo.<\/p>\n\n\n\n<p>\u201cEntregu\u00e9 todo mi esfuerzo en favor de la Cuarta Transformaci\u00f3n en materia educativa en Guerrero\u201d, dijo el ex rector de la Universidad Aut\u00f3noma de Guerrero (UAGro).<\/p>\n\n\n\n<p>\u201cMe voy con la frente en alto, plenamente satisfecho, con mi misi\u00f3n cumplida de haber sido el primer secretario de Educaci\u00f3n de la 4T en Guerrero\u201d, anot\u00f3.<\/p>\n\n\n\n<p>Dijo que regresar\u00e1 a sus actividades como docente e investigador en la UAGro, adem\u00e1s sostiene que seguir\u00e1 luchando como militante activo de la 4T, en Guerrero y el pa\u00eds.<\/p>\n\n\n\n<p>Y anticip\u00f3: \u201cEn su momento analizar\u00e9 las condiciones para postularme como candidato del movimiento de la 4T a la gubernatura de Guerrero\u201d.<\/p>\n\n\n\n<p>Cerr\u00f3 con una frase del Ch\u00e9 Guevara: \u201cHasta la victoria siempre\u201d.<\/p>\n\n\n\n<p>En realidad, 2024 cerr\u00f3 con protestas de maestros y jubilados que demandaban el pago de diferentes adeudos, recursos que deb\u00eda liberar la federaci\u00f3n, pero que los grupos inconformes aseguraban que no gestion\u00f3 a tiempo el ahora ex secretario de Educaci\u00f3n.<\/p>\n\n\n\n<p>Usuarios de redes sociales \u201cdespedazaron\u201d la carta emitida por Rodr\u00edguez Salda\u00f1a, marcando en su redacci\u00f3n por lo menos nueve faltas de ortograf\u00eda.<\/p>\n\n\n\n<div class=\"wp-block-jetpack-slideshow aligncenter\" data-effect=\"slide\"><div class=\"wp-block-jetpack-slideshow_container swiper-container\"><ul class=\"wp-block-jetpack-slideshow_swiper-wrapper swiper-wrapper\"><li class=\"wp-block-jetpack-slideshow_slide swiper-slide\"><figure><img decoding=\"async\" src=\"data:image\/gif;base64,R0lGODlhAQABAIAAAAAAAP\/\/\/ywAAAAAAQABAAACAUwAOw==\" fifu-lazy=\"1\" fifu-data-sizes=\"auto\" fifu-data-srcset=\"https:\/\/i2.wp.com\/www.interaccionnoticias.com.mx\/wp-content\/uploads\/2025\/01\/250131-Marcial-Rodriguez-Saldana-819x1024.jpeg?ssl=1&w=75&resize=75&ssl=1 75w, https:\/\/i2.wp.com\/www.interaccionnoticias.com.mx\/wp-content\/uploads\/2025\/01\/250131-Marcial-Rodriguez-Saldana-819x1024.jpeg?ssl=1&w=100&resize=100&ssl=1 100w, https:\/\/i2.wp.com\/www.interaccionnoticias.com.mx\/wp-content\/uploads\/2025\/01\/250131-Marcial-Rodriguez-Saldana-819x1024.jpeg?ssl=1&w=150&resize=150&ssl=1 150w, https:\/\/i2.wp.com\/www.interaccionnoticias.com.mx\/wp-content\/uploads\/2025\/01\/250131-Marcial-Rodriguez-Saldana-819x1024.jpeg?ssl=1&w=240&resize=240&ssl=1 240w, https:\/\/i2.wp.com\/www.interaccionnoticias.com.mx\/wp-content\/uploads\/2025\/01\/250131-Marcial-Rodriguez-Saldana-819x1024.jpeg?ssl=1&w=320&resize=320&ssl=1 320w, https:\/\/i2.wp.com\/www.interaccionnoticias.com.mx\/wp-content\/uploads\/2025\/01\/250131-Marcial-Rodriguez-Saldana-819x1024.jpeg?ssl=1&w=500&resize=500&ssl=1 500w, https:\/\/i2.wp.com\/www.interaccionnoticias.com.mx\/wp-content\/uploads\/2025\/01\/250131-Marcial-Rodriguez-Saldana-819x1024.jpeg?ssl=1&w=640&resize=640&ssl=1 640w, https:\/\/i2.wp.com\/www.interaccionnoticias.com.mx\/wp-content\/uploads\/2025\/01\/250131-Marcial-Rodriguez-Saldana-819x1024.jpeg?ssl=1&w=800&resize=800&ssl=1 800w, https:\/\/i2.wp.com\/www.interaccionnoticias.com.mx\/wp-content\/uploads\/2025\/01\/250131-Marcial-Rodriguez-Saldana-819x1024.jpeg?ssl=1&w=1024&resize=1024&ssl=1 1024w, https:\/\/i2.wp.com\/www.interaccionnoticias.com.mx\/wp-content\/uploads\/2025\/01\/250131-Marcial-Rodriguez-Saldana-819x1024.jpeg?ssl=1&w=1280&resize=1280&ssl=1 1280w, https:\/\/i2.wp.com\/www.interaccionnoticias.com.mx\/wp-content\/uploads\/2025\/01\/250131-Marcial-Rodriguez-Saldana-819x1024.jpeg?ssl=1&w=1600&resize=1600&ssl=1 1600w\" alt=\"\" class=\"wp-block-jetpack-slideshow_image wp-image-87076\" data-id=\"87076\" fifu-data-src=\"https:\/\/i2.wp.com\/www.interaccionnoticias.com.mx\/wp-content\/uploads\/2025\/01\/250131-Marcial-Rodriguez-Saldana-819x1024.jpeg?ssl=1\"\/><\/figure><\/li><\/ul><a class=\"wp-block-jetpack-slideshow_button-prev swiper-button-prev swiper-button-white\" role=\"button\"><\/a><a class=\"wp-block-jetpack-slideshow_button-next swiper-button-next swiper-button-white\" role=\"button\"><\/a><a aria-label=\"Pause Slideshow\" class=\"wp-block-jetpack-slideshow_button-pause\" role=\"button\"><\/a><div class=\"wp-block-jetpack-slideshow_pagination swiper-pagination swiper-pagination-white\"><\/div><\/div><\/div>\n","protected":false},"excerpt":{"rendered":"<p>&#8212; Marcial Rodr\u00edguez Salda\u00f1a dice en una carta que por el momento regresar\u00e1 a la docencia y la investigaci\u00f3n&#8212; Se dice satisfecho por el trabajo realizado Rogelio Agust\u00edn En su&hellip; <\/p>\n","protected":false},"author":21,"featured_media":87077,"comment_status":"open","ping_status":"open","sticky":false,"template":"","format":"standard","meta":{"fifu_image_url":"","fifu_image_alt":"","footnotes":""},"categories":[6],"tags":[],"class_list":["post-87075","post","type-post","status-publish","format-standard","has-post-thumbnail","hentry","category-educacion"],"_links":{"self":[{"href":"https:\/\/www.interaccionnoticias.com.mx\/index.php?rest_route=\/wp\/v2\/posts\/87075","targetHints":{"allow":["GET"]}}],"collection":[{"href":"https:\/\/www.interaccionnoticias.com.mx\/index.php?rest_route=\/wp\/v2\/posts"}],"about":[{"href":"https:\/\/www.interaccionnoticias.com.mx\/index.php?rest_route=\/wp\/v2\/types\/post"}],"author":[{"embeddable":true,"href":"https:\/\/www.interaccionnoticias.com.mx\/index.php?rest_route=\/wp\/v2\/users\/21"}],"replies":[{"embeddable":true,"href":"https:\/\/www.interaccionnoticias.com.mx\/index.php?rest_route=%2Fwp%2Fv2%2Fcomments&post=87075"}],"version-history":[{"count":1,"href":"https:\/\/www.interaccionnoticias.com.mx\/index.php?rest_route=\/wp\/v2\/posts\/87075\/revisions"}],"predecessor-version":[{"id":87078,"href":"https:\/\/www.interaccionnoticias.com.mx\/index.php?rest_route=\/wp\/v2\/posts\/87075\/revisions\/87078"}],"wp:featuredmedia":[{"embeddable":true,"href":"https:\/\/www.interaccionnoticias.com.mx\/index.php?rest_route=\/wp\/v2\/media\/87077"}],"wp:attachment":[{"href":"https:\/\/www.interaccionnoticias.com.mx\/index.php?rest_route=%2Fwp%2Fv2%2Fmedia&parent=87075"}],"wp:term":[{"taxonomy":"category","embeddable":true,"href":"https:\/\/www.interaccionnoticias.com.mx\/index.php?rest_route=%2Fwp%2Fv2%2Fcategories&post=87075"},{"taxonomy":"post_tag","embeddable":true,"href":"https:\/\/www.interaccionnoticias.com.mx\/index.php?rest_route=%2Fwp%2Fv2%2Ftags&post=87075"}],"curies":[{"name":"wp","href":"https:\/\/api.w.org\/{rel}","templated":true}]}}