{"id":87067,"date":"2025-01-31T07:00:00","date_gmt":"2025-01-31T13:00:00","guid":{"rendered":"https:\/\/www.interaccionnoticias.com.mx\/?p=87067"},"modified":"2025-01-31T11:39:25","modified_gmt":"2025-01-31T17:39:25","slug":"maremagnum-192","status":"publish","type":"post","link":"https:\/\/www.interaccionnoticias.com.mx\/?p=87067","title":{"rendered":"MAREM\u00c1GNUM 192"},"content":{"rendered":"\n<p><strong>MAREM\u00c1GNUM 192<\/strong><\/p>\n\n\n\n<p>Los proyectos pendientes que necesita Acapulco<\/p>\n\n\n\n<p><strong>Por Ricardo Castillo Barrientos<\/strong><\/p>\n\n\n\n<p>Con el programa federal \u201cAcapulco se Transforma Contigo\u201d, renacen las esperanzas y expectativas de una nueva \u00e9poca para este destino tur\u00edstico, en franca desventaja&nbsp;frente a&nbsp;la competencia de centros tur\u00edsticos con infraestructura moderna y atractivos de&nbsp;diversi\u00f3n deprimera l\u00ednea.<\/p>\n\n\n\n<p>La infraestructura urbana y hotelera del puerto, requiere una cirug\u00eda mayor con grandes inversiones, como la considerada inicialmente en el programa federal de 8 mil millones de pesos, recursos en su mayor\u00eda destinados para resolver la problem\u00e1tica del suministro de agua potable y&nbsp;el&nbsp;saneamiento de la bah\u00eda, al evitar en&nbsp;definitiva descargas&nbsp;de aguas residuales, con la operaci\u00f3n efectiva de todas las plantas tratadoras de aguas negras instaladas en el municipio.<\/p>\n\n\n\n<p>En las entregas anteriores se abordaron las acciones relevantes&nbsp;del trascendental programa, cuya operaci\u00f3n estar\u00e1 a cargo del Fondo Nacional de Fomento Nacional de Fomento al Turismo (FONATUR), organismo p\u00fablico descentralizado de la Secretar\u00eda de Turismo (SECTUR), responsable del mantenimiento de la fisonom\u00eda de los principales centros tur\u00edsticos del pa\u00eds, incorpor\u00e1ndose ahora Acapulco.<\/p>\n\n\n\n<p>Entre los proyectos estrat\u00e9gicos no considerados dentro del Programa \u201cAcapulco se Transforma Contigo\u201d, destacan, el Puente Elevado Peatonal \u201cPlaya La Langosta-Playa Manzanillo\u201d; la integraci\u00f3n del \u201cPaseo del Pescador\u201d, partiendo de Playa Honda, Playa Manzanillo, Playa&nbsp;Tlacopanocha, Malec\u00f3n, \u201cJard\u00edn del Puerto\u201d, Parque La Reina, hasta Playa Las Hamacas.<\/p>\n\n\n\n<p>La remodelaci\u00f3n del Centro Hist\u00f3rico para que sea considerada por la&nbsp;<strong>UNESCO<\/strong>&nbsp;como Bien Cultural de Valor Universal, a fin se transforme en sitio de visita obligado por los paseantes, como alguna vez&nbsp;lo&nbsp;fue.<\/p>\n\n\n\n<p>Reordenamiento de la Zona Federal Mar\u00edtima&nbsp;y Embollado de playas,&nbsp;desde la Playa Caletilla hasta Playa Icacos y de Playas Puerto&nbsp;Marqu\u00e9s-Revolcadero hasta la Playa Bonfil; consider\u00e1ndose el rescate de la Laguna Negra de Puerto Marques.<\/p>\n\n\n\n<p>La ampliaci\u00f3n de la avenida Esc\u00e9nica a cuatro carriles con camell\u00f3n central. Esta obra fue gestionada y autorizada por la Secretar\u00eda de Comunicaciones y Transportes (SCT), en el periodo del gobernador \u00c1ngel Aguirre Rivero, no pudo concretarse por la intempestiva renuncia del mandatario estatal y no se dio seguimiento en el interinato del gobernador Rogelio Ortega Mart\u00ednez.<\/p>\n\n\n\n<p>Durante el gobierno de Ren\u00e9 Ju\u00e1rez Cisneros, se consider\u00f3&nbsp;la posibilidad de la construcci\u00f3n del segundo piso de la avenida Costera Miguel Alem\u00e1n, proyecto que no pudo realizarse por la controversia&nbsp;suscitada.<\/p>\n\n\n\n<p>La reforestaci\u00f3n es otro aspecto relevante donde deben aplicarse recursos para que el nuevo arbolado d\u00e9 frescura y mejore el&nbsp;medio&nbsp;ambiente ante temporadas de altas temperaturas.<\/p>\n\n\n\n<p>Entre los nuevos proyectos cobran relevancia el&nbsp;Marib\u00fas&nbsp;y&nbsp;Cableb\u00fas, ideas originales del ex gobernador \u00c1ngel Aguirre Rivero, que hoy se retoman dentro del Programa \u201cAcapulco se Transforma Contigo\u201d y se convertir\u00e1n en destacados productos tur\u00edsticos, adem\u00e1s de contribuir a mejorar la movilidad urbana.<\/p>\n\n\n\n<p>Para cerrar el circulo virtuoso, el tema de la seguridad p\u00fablica deber\u00e1 tener un efectivo reforzamiento que garantice la seguridad de los habitantes y visitantes.<\/p>\n\n\n\n<p><strong>Marea&nbsp;<\/strong><strong>Baja.-<\/strong>&nbsp;Ma\u00f1ana s\u00e1bado 1\u00ba. de febrero, se cumplen dos a\u00f1os ininterrumpidamente de la publicaci\u00f3n de la columna \u201cMAREM\u00c1GNUM\u201d, surgida para contextualizar la problem\u00e1tica social y pol\u00edtica de la entidad.<\/p>\n\n\n\n<p>Este esfuerzo period\u00edstico se ha nutrido del an\u00e1lisis y comentarios de nuestros lectores, adem\u00e1s de otras informaciones obtenidas para ofrecer diversos \u00e1ngulos y aspectos dignos de consideraci\u00f3n de los problemas que nos aquejan en los \u00faltimos tiempos.<\/p>\n\n\n\n<p><strong>Marea&nbsp;<\/strong><strong>Alta.-<\/strong>&nbsp;Bastante encomiables los esfuerzos que est\u00e1n realizando&nbsp;los investigadores universitarios Manuel Ruz Vargas y Luis Enrique&nbsp;Ramos Vargas, quienes llevar\u00e1n a cabo el \u201cSeminario sobre la puesta en valor del patrimonio cultural y natural de Acapulco\u201d, los \u00faltimos viernes de cada mes, en la Galer\u00eda de Artes Pl\u00e1sticas del Museo Hist\u00f3rico del Fuerte de San Diego, a partir de las 17:00, iniciando este d\u00eda.<\/p>\n\n\n\n<p>Destacan los siguientes temas, el 31 de enero: \u201cPorque es importante la Puesta en Valor del Patrimonio Cultural y Natural\u201d; 28 de febrero: \u201cToponimia de los sitios emblem\u00e1ticos de Acapulco a trav\u00e9s de la cartograf\u00eda del siglo XVI al XIX\u201d; 28 de marzo: \u201cItinerario Cultural del Gale\u00f3n de Manila-Acapulco\u201d;&nbsp;25 de abril: \u201cSistema Defensivo Militar de Acapulco\u201d; 30 de mayo: \u201cEl Comercio de esclavos Africanos y Asi\u00e1ticos en la Feria de Acapulco\u201d; 27 de junio: \u201cAcapulco el primer destino tur\u00edstico de playa planificado de M\u00e9xico\u201d; 25 de julio: \u201cAcapulco y la Modernidad: Arquitectura, Dise\u00f1o y algo m\u00e1s\u201d; 29 de agosto: \u201cCentro Hist\u00f3rico de Acapulco\u201d; 26 de&nbsp;septiembre:&nbsp;\u201cLa Biodiversidad submarina y el Patrimonio Subacu\u00e1tico de Acapulco\u201d; 31 de octubre: \u201cAcapulco de Pel\u00edcula\u201d y finaliza el 28 de noviembre con \u201cLibros y leyendas de Acapulco\u201d.<\/p>\n\n\n\n<p><strong>Maremoto.-<\/strong>&nbsp;La subsecretaria de Gobernaci\u00f3n Roc\u00edo B\u00e1rcena Molina y la gobernadora Evelyn Salgado Pineda, est\u00e1n intensificando las tareas del Programa&nbsp;Nacional \u201cSi al Desarme, S\u00ed a la Paz\u201d, dentro de la Estrategia Nacional de Seguridad, impulsada por la presidenta Claudia Sheinbaum, tendiente a construir y garantizar espacios seguros para las familias.<\/p>\n\n\n\n<p>Para tal efecto, se han llevado a cabo sendos eventos en Acapulco y Chilpancingo, donde se entregaron armas de fuego, cartuchos y cargadores, los cuales ser\u00e1n destruidos, a cambio de incentivos econ\u00f3micos a los poseedores y la entrega de juguetes did\u00e1cticos a ni\u00f1os,&nbsp;a cambio de juguetes b\u00e9licos.<\/p>\n","protected":false},"excerpt":{"rendered":"<p>MAREM\u00c1GNUM 192 Los proyectos pendientes que necesita Acapulco Por Ricardo Castillo Barrientos Con el programa federal \u201cAcapulco se Transforma Contigo\u201d, renacen las esperanzas y expectativas de una nueva \u00e9poca para&hellip; <\/p>\n","protected":false},"author":4,"featured_media":85923,"comment_status":"open","ping_status":"open","sticky":false,"template":"","format":"standard","meta":{"fifu_image_url":"","fifu_image_alt":"","footnotes":""},"categories":[16],"tags":[],"class_list":["post-87067","post","type-post","status-publish","format-standard","has-post-thumbnail","hentry","category-opinion"],"_links":{"self":[{"href":"https:\/\/www.interaccionnoticias.com.mx\/index.php?rest_route=\/wp\/v2\/posts\/87067","targetHints":{"allow":["GET"]}}],"collection":[{"href":"https:\/\/www.interaccionnoticias.com.mx\/index.php?rest_route=\/wp\/v2\/posts"}],"about":[{"href":"https:\/\/www.interaccionnoticias.com.mx\/index.php?rest_route=\/wp\/v2\/types\/post"}],"author":[{"embeddable":true,"href":"https:\/\/www.interaccionnoticias.com.mx\/index.php?rest_route=\/wp\/v2\/users\/4"}],"replies":[{"embeddable":true,"href":"https:\/\/www.interaccionnoticias.com.mx\/index.php?rest_route=%2Fwp%2Fv2%2Fcomments&post=87067"}],"version-history":[{"count":1,"href":"https:\/\/www.interaccionnoticias.com.mx\/index.php?rest_route=\/wp\/v2\/posts\/87067\/revisions"}],"predecessor-version":[{"id":87068,"href":"https:\/\/www.interaccionnoticias.com.mx\/index.php?rest_route=\/wp\/v2\/posts\/87067\/revisions\/87068"}],"wp:featuredmedia":[{"embeddable":true,"href":"https:\/\/www.interaccionnoticias.com.mx\/index.php?rest_route=\/wp\/v2\/media\/85923"}],"wp:attachment":[{"href":"https:\/\/www.interaccionnoticias.com.mx\/index.php?rest_route=%2Fwp%2Fv2%2Fmedia&parent=87067"}],"wp:term":[{"taxonomy":"category","embeddable":true,"href":"https:\/\/www.interaccionnoticias.com.mx\/index.php?rest_route=%2Fwp%2Fv2%2Fcategories&post=87067"},{"taxonomy":"post_tag","embeddable":true,"href":"https:\/\/www.interaccionnoticias.com.mx\/index.php?rest_route=%2Fwp%2Fv2%2Ftags&post=87067"}],"curies":[{"name":"wp","href":"https:\/\/api.w.org\/{rel}","templated":true}]}}