{"id":87060,"date":"2025-01-30T20:53:48","date_gmt":"2025-01-31T02:53:48","guid":{"rendered":"https:\/\/www.interaccionnoticias.com.mx\/?p=87060"},"modified":"2025-01-30T20:53:50","modified_gmt":"2025-01-31T02:53:50","slug":"relevo-en-la-seg-sale-marcial-rodriguez-saldana-y-llega-ricardo-castillo-pena","status":"publish","type":"post","link":"https:\/\/www.interaccionnoticias.com.mx\/?p=87060","title":{"rendered":"Relevo en la SEG, sale Marcial Rodr\u00edguez Salda\u00f1a y llega Ricardo Castillo Pe\u00f1a"},"content":{"rendered":"\n<p><strong><em>&#8212; Lo informa la gobernadora Evelyn Salgado en sus plataformas informativas<\/em><\/strong><\/p>\n\n\n\n<p><strong>Rogelio Agust\u00edn<\/strong><\/p>\n\n\n\n<p>La gobernadora Evelyn Salgado Pineda confirm\u00f3 la designaci\u00f3n del profesor Ricardo Castillo Pe\u00f1a como titular de la Secretar\u00eda de Educaci\u00f3n Guerrero (SEG), quien releva en el cargo al doctor Marcial Rodr\u00edguez Salda\u00f1a.<\/p>\n\n\n\n<p>El nombramiento se dio a conocer la noche de este jueves 30 de enero, a trav\u00e9s de las plataformas informativas de la administraci\u00f3n estatal.<\/p>\n\n\n\n<p>\u00abHoy damos la bienvenida al Maestro Ricardo Castillo Pe\u00f1a como nuevo titular de la Secretar\u00eda de Educaci\u00f3n Guerrero. Estoy segura de que su liderazgo y compromiso ser\u00e1n fundamentales para seguir transformando la educaci\u00f3n en nuestro estado\u00bb, se\u00f1al\u00f3 la titular del Ejecutivo local.<\/p>\n\n\n\n<p>El texto culmina con una felicitaci\u00f3n para el Doctor Marcial Rodr\u00edguez Salda\u00f1a, quien ocupaba dicha Secretar\u00eda desde el inicio de la administraci\u00f3n estatal.<\/p>\n\n\n\n<p>Castillo Pe\u00f1a se desempe\u00f1aba como subsecretario de Educaci\u00f3n B\u00e1sica, de tal manera que conoce la estructura y funcionamiento de la SEG.<\/p>\n","protected":false},"excerpt":{"rendered":"<p>&#8212; Lo informa la gobernadora Evelyn Salgado en sus plataformas informativas Rogelio Agust\u00edn La gobernadora Evelyn Salgado Pineda confirm\u00f3 la designaci\u00f3n del profesor Ricardo Castillo Pe\u00f1a como titular de la&hellip; <\/p>\n","protected":false},"author":21,"featured_media":87061,"comment_status":"open","ping_status":"open","sticky":false,"template":"","format":"standard","meta":{"fifu_image_url":"","fifu_image_alt":"","footnotes":""},"categories":[6],"tags":[],"class_list":["post-87060","post","type-post","status-publish","format-standard","has-post-thumbnail","hentry","category-educacion"],"_links":{"self":[{"href":"https:\/\/www.interaccionnoticias.com.mx\/index.php?rest_route=\/wp\/v2\/posts\/87060","targetHints":{"allow":["GET"]}}],"collection":[{"href":"https:\/\/www.interaccionnoticias.com.mx\/index.php?rest_route=\/wp\/v2\/posts"}],"about":[{"href":"https:\/\/www.interaccionnoticias.com.mx\/index.php?rest_route=\/wp\/v2\/types\/post"}],"author":[{"embeddable":true,"href":"https:\/\/www.interaccionnoticias.com.mx\/index.php?rest_route=\/wp\/v2\/users\/21"}],"replies":[{"embeddable":true,"href":"https:\/\/www.interaccionnoticias.com.mx\/index.php?rest_route=%2Fwp%2Fv2%2Fcomments&post=87060"}],"version-history":[{"count":1,"href":"https:\/\/www.interaccionnoticias.com.mx\/index.php?rest_route=\/wp\/v2\/posts\/87060\/revisions"}],"predecessor-version":[{"id":87062,"href":"https:\/\/www.interaccionnoticias.com.mx\/index.php?rest_route=\/wp\/v2\/posts\/87060\/revisions\/87062"}],"wp:featuredmedia":[{"embeddable":true,"href":"https:\/\/www.interaccionnoticias.com.mx\/index.php?rest_route=\/wp\/v2\/media\/87061"}],"wp:attachment":[{"href":"https:\/\/www.interaccionnoticias.com.mx\/index.php?rest_route=%2Fwp%2Fv2%2Fmedia&parent=87060"}],"wp:term":[{"taxonomy":"category","embeddable":true,"href":"https:\/\/www.interaccionnoticias.com.mx\/index.php?rest_route=%2Fwp%2Fv2%2Fcategories&post=87060"},{"taxonomy":"post_tag","embeddable":true,"href":"https:\/\/www.interaccionnoticias.com.mx\/index.php?rest_route=%2Fwp%2Fv2%2Ftags&post=87060"}],"curies":[{"name":"wp","href":"https:\/\/api.w.org\/{rel}","templated":true}]}}