{"id":87034,"date":"2025-01-30T16:02:24","date_gmt":"2025-01-30T22:02:24","guid":{"rendered":"https:\/\/www.interaccionnoticias.com.mx\/?p=87034"},"modified":"2025-01-30T16:02:27","modified_gmt":"2025-01-30T22:02:27","slug":"cuestionan-espaldarazo-del-rector-de-la-uagro-javier-saldana-almazan-hacia-aspiraciones-de-felix-salgado-macedonio","status":"publish","type":"post","link":"https:\/\/www.interaccionnoticias.com.mx\/?p=87034","title":{"rendered":"Cuestionan espaldarazo del rector de la UAGro, Javier Salda\u00f1a Almaz\u00e1n hacia aspiraciones de F\u00e9lix Salgado Macedonio"},"content":{"rendered":"\n<p><strong><em>&#8212; \u201cNo se meta\u201d, le pide Alberto L\u00f3pez Rosas, ex alcalde de Acapulco y aspirante a la gubernatura por MORENA<br>&#8212; \u201cRenuncie a la rector\u00eda\u201d, pide el dirigente campesino, Evencio Romero Sotelo<\/em><\/strong><\/p>\n\n\n\n<p><strong>Rogelio Agust\u00edn<\/strong><\/p>\n\n\n\n<p>El rector de la Universidad Aut\u00f3noma de Guerrero (UAGro), Javier Salda\u00f1a Almaz\u00e1n fue cuestionado por manifestar publicamente su respaldo al senador F\u00e9lix Salgado Macedonio, como posible candidato a gobernador por MORENA en los comicios de 2027, as\u00ed como de manifestar su inter\u00e9s de participar por una diputaci\u00f3n local.<\/p>\n\n\n\n<p>Esta semana, el rector de la casa de estudios guerrerense, que tiene una matr\u00edcula de casi 80 mil estudiantes de bachillerato, licenciatura y posgrado fue cuestionado sobre su aspiraci\u00f3n personal de ser candidato a gobernador.<\/p>\n\n\n\n<p>Salda\u00f1a Almaz\u00e1n sostuvo que quien se encuentra en estos momentos m\u00e1s encumbrado en el \u00e1nimo de los electores potenciales, es el senador Salgado Macedonio, por lo que sugiri\u00f3 \u201crespetar los tiempos y espacios\u201d de cada uno de los actores de la vida p\u00fablica.<\/p>\n\n\n\n<p>En cambio, dijo que s\u00ed se observa participando en pol\u00edtica, no como cabeza o parte del Ejecutivo local, pero quiz\u00e1 s\u00ed como legislador.<\/p>\n\n\n\n<p>Los comentarios del rector Salda\u00f1a de inmediato generaron reacciones, entre ellas la del ex alcalde de Acapulco y declarado aspirante a la candidatura a gobernador de MORENA.<\/p>\n\n\n\n<p>\u201cUsted Rector, tiene una investidura, una toga que representa lo universal, lo plural, la diversidad del pensamiento y mientras est\u00e9 investido, no puede, no debe, ejercer una influencia en sus representados. Ni pol\u00edtica, menos partidista\u201d, se\u00f1ala quien fuera fiscal en la segunda administraci\u00f3n de Angel Aguirre Rivero, en 2011.<\/p>\n\n\n\n<p>Contin\u00faa: \u201cUsted demuestra su desbordado inter\u00e9s en la participaci\u00f3n politica, no puede dominar sus ansias, pero hay prioridades, como los valores y principios universales, no particularice lo que es universal. Nunca en mi vida he visto a un Rector, de ninguna Universidad, destapando a un aspirante, al hacerlo, ofende a otros ciudadanos y ciudadanas que pudieran tener la misma aspiraci\u00f3n de cualquier partido pol\u00edtico\u201d.<\/p>\n\n\n\n<p>Y sugiere: \u201cNo se meta rector, con respeto le recomiendo que si est\u00e1 interesado en servir m\u00e1s all\u00e1 de La Universidad, apoye a las madres buscadoras de sus seres desaparecidos, ser\u00eda muy noble regresarlas a ver. D\u00e9jenos en igualdad, competir con F\u00e9lix Salgado Macedonio, con quien al igual, llevamos tambi\u00e9n a\u00f1os de lucha, aunque en el \u00e9xodo, haya quedado a oscuras la causa del desistimiento\u201d.<\/p>\n\n\n\n<p>Incluso, se\u00f1ala que el finado ex rector, Rosalio Wences Reza se sentir\u00eda inc\u00f3modo al escuchar las posturas del actual jefe de la administraci\u00f3n uniersitaria.<\/p>\n\n\n\n<p>El tambi\u00e9n egresado de la UAGro, abogado y secretario general de la Liga de Comunidades Agrarias y Sindicatos Campesinos (LICASEG), Evencio Romero Sotelo tambi\u00e9n tuvo un posicionamiento p\u00fablico y le se\u00f1al\u00f3: \u201cExijo la renuncia a Javier Salda\u00f1a como rector, por haber violentado los principios fundamentales de la autonom\u00eda y libertad de c\u00e1tedra. Si este sujeto aspira a un cargo pol\u00edtico que no involucre a mi combativa y gloriosa universidad\u201d.<\/p>\n\n\n\n<div class=\"wp-block-jetpack-slideshow aligncenter\" data-effect=\"slide\"><div class=\"wp-block-jetpack-slideshow_container swiper-container\"><ul class=\"wp-block-jetpack-slideshow_swiper-wrapper swiper-wrapper\"><li class=\"wp-block-jetpack-slideshow_slide swiper-slide\"><figure><img decoding=\"async\" src=\"data:image\/gif;base64,R0lGODlhAQABAIAAAAAAAP\/\/\/ywAAAAAAQABAAACAUwAOw==\" fifu-lazy=\"1\" fifu-data-sizes=\"auto\" fifu-data-srcset=\"https:\/\/i0.wp.com\/www.interaccionnoticias.com.mx\/wp-content\/uploads\/2025\/01\/250130-Evencio-Romero-1024x683.jpg?ssl=1&w=75&resize=75&ssl=1 75w, https:\/\/i0.wp.com\/www.interaccionnoticias.com.mx\/wp-content\/uploads\/2025\/01\/250130-Evencio-Romero-1024x683.jpg?ssl=1&w=100&resize=100&ssl=1 100w, https:\/\/i0.wp.com\/www.interaccionnoticias.com.mx\/wp-content\/uploads\/2025\/01\/250130-Evencio-Romero-1024x683.jpg?ssl=1&w=150&resize=150&ssl=1 150w, https:\/\/i0.wp.com\/www.interaccionnoticias.com.mx\/wp-content\/uploads\/2025\/01\/250130-Evencio-Romero-1024x683.jpg?ssl=1&w=240&resize=240&ssl=1 240w, https:\/\/i0.wp.com\/www.interaccionnoticias.com.mx\/wp-content\/uploads\/2025\/01\/250130-Evencio-Romero-1024x683.jpg?ssl=1&w=320&resize=320&ssl=1 320w, https:\/\/i0.wp.com\/www.interaccionnoticias.com.mx\/wp-content\/uploads\/2025\/01\/250130-Evencio-Romero-1024x683.jpg?ssl=1&w=500&resize=500&ssl=1 500w, https:\/\/i0.wp.com\/www.interaccionnoticias.com.mx\/wp-content\/uploads\/2025\/01\/250130-Evencio-Romero-1024x683.jpg?ssl=1&w=640&resize=640&ssl=1 640w, https:\/\/i0.wp.com\/www.interaccionnoticias.com.mx\/wp-content\/uploads\/2025\/01\/250130-Evencio-Romero-1024x683.jpg?ssl=1&w=800&resize=800&ssl=1 800w, https:\/\/i0.wp.com\/www.interaccionnoticias.com.mx\/wp-content\/uploads\/2025\/01\/250130-Evencio-Romero-1024x683.jpg?ssl=1&w=1024&resize=1024&ssl=1 1024w, https:\/\/i0.wp.com\/www.interaccionnoticias.com.mx\/wp-content\/uploads\/2025\/01\/250130-Evencio-Romero-1024x683.jpg?ssl=1&w=1280&resize=1280&ssl=1 1280w, https:\/\/i0.wp.com\/www.interaccionnoticias.com.mx\/wp-content\/uploads\/2025\/01\/250130-Evencio-Romero-1024x683.jpg?ssl=1&w=1600&resize=1600&ssl=1 1600w\" alt=\"\" class=\"wp-block-jetpack-slideshow_image wp-image-87035\" data-id=\"87035\" fifu-data-src=\"https:\/\/i0.wp.com\/www.interaccionnoticias.com.mx\/wp-content\/uploads\/2025\/01\/250130-Evencio-Romero-1024x683.jpg?ssl=1\"\/><\/figure><\/li><li class=\"wp-block-jetpack-slideshow_slide swiper-slide\"><figure><img decoding=\"async\" src=\"data:image\/gif;base64,R0lGODlhAQABAIAAAAAAAP\/\/\/ywAAAAAAQABAAACAUwAOw==\" fifu-lazy=\"1\" fifu-data-sizes=\"auto\" fifu-data-srcset=\"https:\/\/i0.wp.com\/www.interaccionnoticias.com.mx\/wp-content\/uploads\/2025\/01\/250130-Alberto-Lopez-Rosas-1024x683.jpg?ssl=1&w=75&resize=75&ssl=1 75w, https:\/\/i0.wp.com\/www.interaccionnoticias.com.mx\/wp-content\/uploads\/2025\/01\/250130-Alberto-Lopez-Rosas-1024x683.jpg?ssl=1&w=100&resize=100&ssl=1 100w, https:\/\/i0.wp.com\/www.interaccionnoticias.com.mx\/wp-content\/uploads\/2025\/01\/250130-Alberto-Lopez-Rosas-1024x683.jpg?ssl=1&w=150&resize=150&ssl=1 150w, https:\/\/i0.wp.com\/www.interaccionnoticias.com.mx\/wp-content\/uploads\/2025\/01\/250130-Alberto-Lopez-Rosas-1024x683.jpg?ssl=1&w=240&resize=240&ssl=1 240w, https:\/\/i0.wp.com\/www.interaccionnoticias.com.mx\/wp-content\/uploads\/2025\/01\/250130-Alberto-Lopez-Rosas-1024x683.jpg?ssl=1&w=320&resize=320&ssl=1 320w, https:\/\/i0.wp.com\/www.interaccionnoticias.com.mx\/wp-content\/uploads\/2025\/01\/250130-Alberto-Lopez-Rosas-1024x683.jpg?ssl=1&w=500&resize=500&ssl=1 500w, https:\/\/i0.wp.com\/www.interaccionnoticias.com.mx\/wp-content\/uploads\/2025\/01\/250130-Alberto-Lopez-Rosas-1024x683.jpg?ssl=1&w=640&resize=640&ssl=1 640w, https:\/\/i0.wp.com\/www.interaccionnoticias.com.mx\/wp-content\/uploads\/2025\/01\/250130-Alberto-Lopez-Rosas-1024x683.jpg?ssl=1&w=800&resize=800&ssl=1 800w, https:\/\/i0.wp.com\/www.interaccionnoticias.com.mx\/wp-content\/uploads\/2025\/01\/250130-Alberto-Lopez-Rosas-1024x683.jpg?ssl=1&w=1024&resize=1024&ssl=1 1024w, https:\/\/i0.wp.com\/www.interaccionnoticias.com.mx\/wp-content\/uploads\/2025\/01\/250130-Alberto-Lopez-Rosas-1024x683.jpg?ssl=1&w=1280&resize=1280&ssl=1 1280w, https:\/\/i0.wp.com\/www.interaccionnoticias.com.mx\/wp-content\/uploads\/2025\/01\/250130-Alberto-Lopez-Rosas-1024x683.jpg?ssl=1&w=1600&resize=1600&ssl=1 1600w\" alt=\"\" class=\"wp-block-jetpack-slideshow_image wp-image-87036\" data-id=\"87036\" fifu-data-src=\"https:\/\/i0.wp.com\/www.interaccionnoticias.com.mx\/wp-content\/uploads\/2025\/01\/250130-Alberto-Lopez-Rosas-1024x683.jpg?ssl=1\"\/><\/figure><\/li><\/ul><a class=\"wp-block-jetpack-slideshow_button-prev swiper-button-prev swiper-button-white\" role=\"button\"><\/a><a class=\"wp-block-jetpack-slideshow_button-next swiper-button-next swiper-button-white\" role=\"button\"><\/a><a aria-label=\"Pause Slideshow\" class=\"wp-block-jetpack-slideshow_button-pause\" role=\"button\"><\/a><div class=\"wp-block-jetpack-slideshow_pagination swiper-pagination swiper-pagination-white\"><\/div><\/div><\/div>\n","protected":false},"excerpt":{"rendered":"<p>&#8212; \u201cNo se meta\u201d, le pide Alberto L\u00f3pez Rosas, ex alcalde de Acapulco y aspirante a la gubernatura por MORENA&#8212; \u201cRenuncie a la rector\u00eda\u201d, pide el dirigente campesino, Evencio Romero&hellip; <\/p>\n","protected":false},"author":21,"featured_media":87038,"comment_status":"open","ping_status":"open","sticky":false,"template":"","format":"standard","meta":{"fifu_image_url":"","fifu_image_alt":"","footnotes":""},"categories":[21],"tags":[],"class_list":["post-87034","post","type-post","status-publish","format-standard","has-post-thumbnail","hentry","category-politica"],"_links":{"self":[{"href":"https:\/\/www.interaccionnoticias.com.mx\/index.php?rest_route=\/wp\/v2\/posts\/87034","targetHints":{"allow":["GET"]}}],"collection":[{"href":"https:\/\/www.interaccionnoticias.com.mx\/index.php?rest_route=\/wp\/v2\/posts"}],"about":[{"href":"https:\/\/www.interaccionnoticias.com.mx\/index.php?rest_route=\/wp\/v2\/types\/post"}],"author":[{"embeddable":true,"href":"https:\/\/www.interaccionnoticias.com.mx\/index.php?rest_route=\/wp\/v2\/users\/21"}],"replies":[{"embeddable":true,"href":"https:\/\/www.interaccionnoticias.com.mx\/index.php?rest_route=%2Fwp%2Fv2%2Fcomments&post=87034"}],"version-history":[{"count":1,"href":"https:\/\/www.interaccionnoticias.com.mx\/index.php?rest_route=\/wp\/v2\/posts\/87034\/revisions"}],"predecessor-version":[{"id":87040,"href":"https:\/\/www.interaccionnoticias.com.mx\/index.php?rest_route=\/wp\/v2\/posts\/87034\/revisions\/87040"}],"wp:featuredmedia":[{"embeddable":true,"href":"https:\/\/www.interaccionnoticias.com.mx\/index.php?rest_route=\/wp\/v2\/media\/87038"}],"wp:attachment":[{"href":"https:\/\/www.interaccionnoticias.com.mx\/index.php?rest_route=%2Fwp%2Fv2%2Fmedia&parent=87034"}],"wp:term":[{"taxonomy":"category","embeddable":true,"href":"https:\/\/www.interaccionnoticias.com.mx\/index.php?rest_route=%2Fwp%2Fv2%2Fcategories&post=87034"},{"taxonomy":"post_tag","embeddable":true,"href":"https:\/\/www.interaccionnoticias.com.mx\/index.php?rest_route=%2Fwp%2Fv2%2Ftags&post=87034"}],"curies":[{"name":"wp","href":"https:\/\/api.w.org\/{rel}","templated":true}]}}