{"id":8702,"date":"2017-09-29T16:54:26","date_gmt":"2017-09-29T21:54:26","guid":{"rendered":"http:\/\/www.inter-accion.com.mx\/?p=8702"},"modified":"2017-09-29T16:54:26","modified_gmt":"2017-09-29T21:54:26","slug":"deslindan-a-la-upoeg-del-ataque-a-comandancia-del-fusdeg","status":"publish","type":"post","link":"https:\/\/www.interaccionnoticias.com.mx\/?p=8702","title":{"rendered":"DESLINDAN A LA UPOEG DEL ATAQUE A COMANDANCIA DEL FUSDEG"},"content":{"rendered":"<p><br \/>\nAcapulco, Gro.- Integrantes del Consejo de Autoridades Comunitarias de la UPOEG se deslindaron de los hechos de violencia que dej\u00f3 un muerto y dos heridos, durante la madrugada de ayer en Tierra Colorada, municipio de Juan R Escudero.<\/p>\n<div>\n<div>\u00abLamentamos&nbsp; y reprobamos los hechos sucedidos, al mismo tiempo nos deslindamos de toda responsabilidad que pudiera inculpar a nuestra organizaci\u00f3n (de la UPOEG).<br \/>\n\u00abSolicitamos a la autoridad competente realice las investigaciones correspondiente de manera exhaustiva para esclarecer los hechos\u00bb, dijo Nereyda Miranda L\u00f3pez, comisar\u00eda y coordinadora de la UPOEG.<br \/>\nMilenio inform\u00f3 que la madrugada del jueves un comando atac\u00f3 la comandancia del Frente Unido por la Seguridad y Desarrollo del Estado de Guerrero (FUSDEG), que dej\u00f3 muerto al comandante Juan Ponce Nava y da\u00f1os en viviendas de los consejeros.<br \/>\nNereyda Miranda, insisti\u00f3 en llegar a la verdad jur\u00eddica, pol\u00edtica en hist\u00f3rica del hecho de violencia que calific\u00f3 como muy lamentable y pidi\u00f3 que no quede impune ni se proteja desde el poder a los responsables.<br \/>\nAcompa\u00f1ada por los integrantes del Consejo de Autoridades Comunitarias de la UPOEG, pidi\u00f3 desenmascarar y saber&nbsp; quienes est\u00e1n azuzando y promoviendo la divisi\u00f3n y la discordia entre los pueblos y las comunidades.<\/div>\n<\/div>\n","protected":false},"excerpt":{"rendered":"<p>Acapulco, Gro.- Integrantes del Consejo de Autoridades Comunitarias de la UPOEG se deslindaron de los hechos de violencia que dej\u00f3 un muerto y dos heridos, durante la madrugada de ayer&hellip; <\/p>\n","protected":false},"author":1,"featured_media":0,"comment_status":"closed","ping_status":"closed","sticky":false,"template":"","format":"standard","meta":{"fifu_image_url":"","fifu_image_alt":"","footnotes":""},"categories":[8,27],"tags":[],"class_list":["post-8702","post","type-post","status-publish","format-standard","hentry","category-featured","category-seguridad-publica"],"_links":{"self":[{"href":"https:\/\/www.interaccionnoticias.com.mx\/index.php?rest_route=\/wp\/v2\/posts\/8702","targetHints":{"allow":["GET"]}}],"collection":[{"href":"https:\/\/www.interaccionnoticias.com.mx\/index.php?rest_route=\/wp\/v2\/posts"}],"about":[{"href":"https:\/\/www.interaccionnoticias.com.mx\/index.php?rest_route=\/wp\/v2\/types\/post"}],"author":[{"embeddable":true,"href":"https:\/\/www.interaccionnoticias.com.mx\/index.php?rest_route=\/wp\/v2\/users\/1"}],"replies":[{"embeddable":true,"href":"https:\/\/www.interaccionnoticias.com.mx\/index.php?rest_route=%2Fwp%2Fv2%2Fcomments&post=8702"}],"version-history":[{"count":0,"href":"https:\/\/www.interaccionnoticias.com.mx\/index.php?rest_route=\/wp\/v2\/posts\/8702\/revisions"}],"wp:attachment":[{"href":"https:\/\/www.interaccionnoticias.com.mx\/index.php?rest_route=%2Fwp%2Fv2%2Fmedia&parent=8702"}],"wp:term":[{"taxonomy":"category","embeddable":true,"href":"https:\/\/www.interaccionnoticias.com.mx\/index.php?rest_route=%2Fwp%2Fv2%2Fcategories&post=8702"},{"taxonomy":"post_tag","embeddable":true,"href":"https:\/\/www.interaccionnoticias.com.mx\/index.php?rest_route=%2Fwp%2Fv2%2Ftags&post=8702"}],"curies":[{"name":"wp","href":"https:\/\/api.w.org\/{rel}","templated":true}]}}