{"id":86986,"date":"2025-01-29T16:28:29","date_gmt":"2025-01-29T22:28:29","guid":{"rendered":"https:\/\/www.interaccionnoticias.com.mx\/?p=86986"},"modified":"2025-01-29T16:28:31","modified_gmt":"2025-01-29T22:28:31","slug":"reapertura-de-la-unidad-deportiva-crea-sera-el-viernes-ivan-hernandez-diaz","status":"publish","type":"post","link":"https:\/\/www.interaccionnoticias.com.mx\/?p=86986","title":{"rendered":"Reapertura de la Unidad Deportiva CREA ser\u00e1 el viernes: Iv\u00e1n Hern\u00e1ndez D\u00edaz"},"content":{"rendered":"\n<p><strong><em>&#8212; Ante las recientes protestas de deportistas, las instalaciones del CREA volveran abrir al p\u00fablico a pesar de que no han sido rehabilitadas<\/em><\/strong><\/p>\n\n\n\n<p><strong>Yasm\u00edn Garc\u00eda<\/strong><\/p>\n\n\n\n<p>El delegado Federal de los Programas Sociales para el Bienestar en Guerrero, Iv\u00e1n Hern\u00e1ndez D\u00edaz inform\u00f3 que el pr\u00f3ximo viernes se realizar\u00e1 la reapertura de la Unidad Deportiva CREA, luego de un a\u00f1o y seis meses cerrada.<\/p>\n\n\n\n<p>El funcionario federal indic\u00f3 que sostuvo una reuni\u00f3n con la directora del Instituto del Deporte de Guerrero (INDEG), Alma Roc\u00edo L\u00f3pez Bello y ante las recientes protestas de deportistas acordaron agilizar su reapertura, a pesar de que no ha sido rehabilitada.<\/p>\n\n\n\n<p>\u00abTodav\u00eda tenemos tareas que realizar, es que vamos hacer algunas tareas, como pintura en algunas \u00e1reas, se va a abrir y las tareas ser\u00e1 de manera simult\u00e1nea\u00bb.<\/p>\n\n\n\n<p>Tras el paso del hurac\u00e1n Otis en octubre del 2023 servidores de la Naci\u00f3n instalaron casas de acampar en las canchas de la Unidad Deportiva CREA, ya que realizaron labores de censo a damnificados por el hurac\u00e1n.<\/p>\n\n\n\n<p>La estancia de los servidores de la Naci\u00f3n se prolongo por el paso del hurac\u00e1n John en septiembre del 2024, fue en diciembre del a\u00f1o pasado que las instalaciones del CREA fueron desalojadas.<\/p>\n","protected":false},"excerpt":{"rendered":"<p>&#8212; Ante las recientes protestas de deportistas, las instalaciones del CREA volveran abrir al p\u00fablico a pesar de que no han sido rehabilitadas Yasm\u00edn Garc\u00eda El delegado Federal de los&hellip; <\/p>\n","protected":false},"author":32,"featured_media":86987,"comment_status":"open","ping_status":"open","sticky":false,"template":"","format":"standard","meta":{"fifu_image_url":"","fifu_image_alt":"","footnotes":""},"categories":[11],"tags":[],"class_list":["post-86986","post","type-post","status-publish","format-standard","has-post-thumbnail","hentry","category-guerrero"],"_links":{"self":[{"href":"https:\/\/www.interaccionnoticias.com.mx\/index.php?rest_route=\/wp\/v2\/posts\/86986","targetHints":{"allow":["GET"]}}],"collection":[{"href":"https:\/\/www.interaccionnoticias.com.mx\/index.php?rest_route=\/wp\/v2\/posts"}],"about":[{"href":"https:\/\/www.interaccionnoticias.com.mx\/index.php?rest_route=\/wp\/v2\/types\/post"}],"author":[{"embeddable":true,"href":"https:\/\/www.interaccionnoticias.com.mx\/index.php?rest_route=\/wp\/v2\/users\/32"}],"replies":[{"embeddable":true,"href":"https:\/\/www.interaccionnoticias.com.mx\/index.php?rest_route=%2Fwp%2Fv2%2Fcomments&post=86986"}],"version-history":[{"count":1,"href":"https:\/\/www.interaccionnoticias.com.mx\/index.php?rest_route=\/wp\/v2\/posts\/86986\/revisions"}],"predecessor-version":[{"id":86988,"href":"https:\/\/www.interaccionnoticias.com.mx\/index.php?rest_route=\/wp\/v2\/posts\/86986\/revisions\/86988"}],"wp:featuredmedia":[{"embeddable":true,"href":"https:\/\/www.interaccionnoticias.com.mx\/index.php?rest_route=\/wp\/v2\/media\/86987"}],"wp:attachment":[{"href":"https:\/\/www.interaccionnoticias.com.mx\/index.php?rest_route=%2Fwp%2Fv2%2Fmedia&parent=86986"}],"wp:term":[{"taxonomy":"category","embeddable":true,"href":"https:\/\/www.interaccionnoticias.com.mx\/index.php?rest_route=%2Fwp%2Fv2%2Fcategories&post=86986"},{"taxonomy":"post_tag","embeddable":true,"href":"https:\/\/www.interaccionnoticias.com.mx\/index.php?rest_route=%2Fwp%2Fv2%2Ftags&post=86986"}],"curies":[{"name":"wp","href":"https:\/\/api.w.org\/{rel}","templated":true}]}}