{"id":86983,"date":"2025-01-29T15:56:42","date_gmt":"2025-01-29T21:56:42","guid":{"rendered":"https:\/\/www.interaccionnoticias.com.mx\/?p=86983"},"modified":"2025-01-29T15:56:44","modified_gmt":"2025-01-29T21:56:44","slug":"las-armas-no-son-el-camino-asegura-la-gobernadora-de-guerrero","status":"publish","type":"post","link":"https:\/\/www.interaccionnoticias.com.mx\/?p=86983","title":{"rendered":"\u201cLas armas no son el camino\u201d, asegura la gobernadora de Guerrero"},"content":{"rendered":"\n<p><strong><em>&#8212; \u201cNo deben estar en las calles y mucho menos en los hogares\u201d, sostiene Evelyn Salgado Pineda<br>&#8212; Encabeza la estrategia de desarme en la entidad<\/em><\/strong><\/p>\n\n\n\n<p><strong>Rogelio Agust\u00edn<\/strong><\/p>\n\n\n\n<p>\u201cLas armas no tienen cabida en las calles mucho menos en nuestros hogares\u201d, dijo la gobernadora Evelyn Salgado Pinada en la plazoleta del barrio de San Mateo, donde puso en marcha el programa de desarme denominado \u201cs\u00ed a la paz\u201d.<\/p>\n\n\n\n<p>El evento encabezado por la jefa del Ejecutivo local se desarroll\u00f3 en la plazuela del barrio m\u00e1s antiguo de la capital del estado, un punto de la ciudad que ha sido escenario de por lo menos dos momentos de conmoci\u00f3n en el pasado reciente.<\/p>\n\n\n\n<p>Apenas el 24 de diciembre de 2024, a pocos metros de donde este mi\u00e9rcoles se instal\u00f3 el presidium fue asesinado Roberto Mart\u00edn Ram\u00edrez Ruiz, presidente del patronato de la Feria de Navidad y A\u00f1o Nuevo.<\/p>\n\n\n\n<p>Antes, el 24 de junio de 2023, en la calle aleda\u00f1a a dicha plaza fue abandonada una camioneta con siete cad\u00e1veres desmembrados en su interrior, en una jornada en la que se difundieron mensajes del grupo criminal conocido como \u201cLos Ardillos\u201d en contra de la alcaldesa Norma Otilia Hern\u00e1ndez Martinez.<\/p>\n\n\n\n<p>En ese punto de la ciudad, la gobernadora habl\u00f3 sobre la la necesidad de persistir en la difusi\u00f3n de un mensaje de armon\u00eda y bienestar, promoviendo el s\u00ed al desarme y ratificando el s\u00ed a la paz.<\/p>\n\n\n\n<p>El programa de desarme, destac\u00f3 que es una muestra de que en M\u00e9xico hay un gobierno humanista, que no pretende ganar guerra, si no que pretende conquistar la paz.<\/p>\n\n\n\n<p>Para alcanzar la paz, destac\u00f3 que es necesario identificar la amenaza qe significan las armas al alcance de la poblaci\u00f3n y rechazarlas, porque nunca ser\u00e1n un instrumento para alcanzar una mejor circunstancia de vida.<\/p>\n\n\n\n<p>\u201cLas armas no tienen cabida en las calles ni en nuestros hogares, nunca van a ser la soluci\u00f3n\u201d, anot\u00f3.<\/p>\n\n\n\n<p>Agreg\u00f3 que los instrumentos para pacificar la vida en sociedad no son las balas ni los fusiles, m\u00e1s bien, son la salud, la educaci\u00f3n y la cultura: \u201cEs el l\u00e1piz de nuestros alumnos, los libros de los maestros y las semillas de los campesinos\u201d.<\/p>\n\n\n\n<p>Sostuvo que el Gobierno de Guerrero atiende los problemas desde su \u00e1mbito de competencia, con la intenci\u00f3n de convertir a la paz en el principal pilar del desarrollo.<\/p>\n\n\n\n<p>La violencia, enfatiz\u00f3 la gobernadora, \u201cnunca ser\u00e1n la respuesta, porque la paz es el \u00fanico camino que la sociedad merece\u201d.<\/p>\n\n\n\n<p>En el evento que se realiz\u00f3 este mi\u00e9rcoles participaron mandos de corporaciones de los tres niveles de gobierno, quienes acompa\u00f1aron a la subsecretaria de Gobierno, Alicia B\u00e1rcena, responsable del programa de construcci\u00f3n de la paz a nivel nacional.<\/p>\n","protected":false},"excerpt":{"rendered":"<p>&#8212; \u201cNo deben estar en las calles y mucho menos en los hogares\u201d, sostiene Evelyn Salgado Pineda&#8212; Encabeza la estrategia de desarme en la entidad Rogelio Agust\u00edn \u201cLas armas no&hellip; <\/p>\n","protected":false},"author":21,"featured_media":86984,"comment_status":"open","ping_status":"open","sticky":false,"template":"","format":"standard","meta":{"fifu_image_url":"","fifu_image_alt":"","footnotes":""},"categories":[11],"tags":[],"class_list":["post-86983","post","type-post","status-publish","format-standard","has-post-thumbnail","hentry","category-guerrero"],"_links":{"self":[{"href":"https:\/\/www.interaccionnoticias.com.mx\/index.php?rest_route=\/wp\/v2\/posts\/86983","targetHints":{"allow":["GET"]}}],"collection":[{"href":"https:\/\/www.interaccionnoticias.com.mx\/index.php?rest_route=\/wp\/v2\/posts"}],"about":[{"href":"https:\/\/www.interaccionnoticias.com.mx\/index.php?rest_route=\/wp\/v2\/types\/post"}],"author":[{"embeddable":true,"href":"https:\/\/www.interaccionnoticias.com.mx\/index.php?rest_route=\/wp\/v2\/users\/21"}],"replies":[{"embeddable":true,"href":"https:\/\/www.interaccionnoticias.com.mx\/index.php?rest_route=%2Fwp%2Fv2%2Fcomments&post=86983"}],"version-history":[{"count":1,"href":"https:\/\/www.interaccionnoticias.com.mx\/index.php?rest_route=\/wp\/v2\/posts\/86983\/revisions"}],"predecessor-version":[{"id":86985,"href":"https:\/\/www.interaccionnoticias.com.mx\/index.php?rest_route=\/wp\/v2\/posts\/86983\/revisions\/86985"}],"wp:featuredmedia":[{"embeddable":true,"href":"https:\/\/www.interaccionnoticias.com.mx\/index.php?rest_route=\/wp\/v2\/media\/86984"}],"wp:attachment":[{"href":"https:\/\/www.interaccionnoticias.com.mx\/index.php?rest_route=%2Fwp%2Fv2%2Fmedia&parent=86983"}],"wp:term":[{"taxonomy":"category","embeddable":true,"href":"https:\/\/www.interaccionnoticias.com.mx\/index.php?rest_route=%2Fwp%2Fv2%2Fcategories&post=86983"},{"taxonomy":"post_tag","embeddable":true,"href":"https:\/\/www.interaccionnoticias.com.mx\/index.php?rest_route=%2Fwp%2Fv2%2Ftags&post=86983"}],"curies":[{"name":"wp","href":"https:\/\/api.w.org\/{rel}","templated":true}]}}