{"id":86955,"date":"2025-01-29T12:47:33","date_gmt":"2025-01-29T18:47:33","guid":{"rendered":"https:\/\/www.interaccionnoticias.com.mx\/?p=86955"},"modified":"2025-01-29T12:54:46","modified_gmt":"2025-01-29T18:54:46","slug":"padres-de-familia-bloquean-la-carretera-tlapa-marquelia-en-la-region-montana","status":"publish","type":"post","link":"https:\/\/www.interaccionnoticias.com.mx\/?p=86955","title":{"rendered":"Padres de familia bloquean la carretera Tlapa-Marquelia, en la regi\u00f3n Monta\u00f1a"},"content":{"rendered":"\n<p><em><strong>&#8212; Exigen dialogo con la SEG en la comunidad de Cuatzoquitengo, municipio de Malinaltepec<\/strong><\/em><\/p>\n\n\n\n<p><strong>Rogelio Agust\u00edn<\/strong><\/p>\n\n\n\n<p>Un grupo de padres de familia, procedentes de la comunidad de Cuatzoquitengo, municipio de Malinatepec bloquearon la carretera Tlapa-Marquelia, en la regi\u00f3n Monta\u00f1a para exigir una audiencia con la Secretar\u00eda de Educaci\u00f3n Guerrero (SEG).<\/p>\n\n\n\n<p>La protesta comenz\u00f3 la ma\u00f1ana de este mi\u00e9rcoles 29 de enero y prevalec\u00eda hasta pasado el mediod\u00eda, ya que los manifestantes no afianzaban la instalaci\u00f3n de una mesa de trabajo con la SEG:<\/p>\n\n\n\n<p>El bloqueo permanece en el crucero de Atlamajalcingo del Monte, sobre la carretera Tlapa-Marquelia, ruta que enlaza a las regiones Monta\u00f1a y Costa Chica.<\/p>\n\n\n\n<p>Los padres de familia exigen la interluci\u00f3n con la SEG, para plantear una serie de demandas que tienen desde hace varios a\u00f1os, como la asignaci\u00f3n de personal docente, equipamiento y trabajos de rehabilitaci\u00f3n en la primaria de Cuatzoquitengo.<\/p>\n\n\n\n<p>V\u00eda telef\u00f3nica, dijeron que durante varios meses trataron de dialogar con las autoridades, para ello dirigieron varios documentos a la coordinaci\u00f3n regional de la SEG en la regi\u00f3n Monta\u00f1a, sin embargo, al no recibir una respuesta es que decidieron realizar una acci\u00f3n de tipo radical.<\/p>\n","protected":false},"excerpt":{"rendered":"<p>&#8212; Exigen dialogo con la SEG en la comunidad de Cuatzoquitengo, municipio de Malinaltepec Rogelio Agust\u00edn Un grupo de padres de familia, procedentes de la comunidad de Cuatzoquitengo, municipio de&hellip; <\/p>\n","protected":false},"author":21,"featured_media":86957,"comment_status":"open","ping_status":"open","sticky":false,"template":"","format":"standard","meta":{"fifu_image_url":"","fifu_image_alt":"","footnotes":""},"categories":[6],"tags":[],"class_list":["post-86955","post","type-post","status-publish","format-standard","has-post-thumbnail","hentry","category-educacion"],"_links":{"self":[{"href":"https:\/\/www.interaccionnoticias.com.mx\/index.php?rest_route=\/wp\/v2\/posts\/86955","targetHints":{"allow":["GET"]}}],"collection":[{"href":"https:\/\/www.interaccionnoticias.com.mx\/index.php?rest_route=\/wp\/v2\/posts"}],"about":[{"href":"https:\/\/www.interaccionnoticias.com.mx\/index.php?rest_route=\/wp\/v2\/types\/post"}],"author":[{"embeddable":true,"href":"https:\/\/www.interaccionnoticias.com.mx\/index.php?rest_route=\/wp\/v2\/users\/21"}],"replies":[{"embeddable":true,"href":"https:\/\/www.interaccionnoticias.com.mx\/index.php?rest_route=%2Fwp%2Fv2%2Fcomments&post=86955"}],"version-history":[{"count":3,"href":"https:\/\/www.interaccionnoticias.com.mx\/index.php?rest_route=\/wp\/v2\/posts\/86955\/revisions"}],"predecessor-version":[{"id":86962,"href":"https:\/\/www.interaccionnoticias.com.mx\/index.php?rest_route=\/wp\/v2\/posts\/86955\/revisions\/86962"}],"wp:featuredmedia":[{"embeddable":true,"href":"https:\/\/www.interaccionnoticias.com.mx\/index.php?rest_route=\/wp\/v2\/media\/86957"}],"wp:attachment":[{"href":"https:\/\/www.interaccionnoticias.com.mx\/index.php?rest_route=%2Fwp%2Fv2%2Fmedia&parent=86955"}],"wp:term":[{"taxonomy":"category","embeddable":true,"href":"https:\/\/www.interaccionnoticias.com.mx\/index.php?rest_route=%2Fwp%2Fv2%2Fcategories&post=86955"},{"taxonomy":"post_tag","embeddable":true,"href":"https:\/\/www.interaccionnoticias.com.mx\/index.php?rest_route=%2Fwp%2Fv2%2Ftags&post=86955"}],"curies":[{"name":"wp","href":"https:\/\/api.w.org\/{rel}","templated":true}]}}