{"id":86951,"date":"2025-01-29T11:11:23","date_gmt":"2025-01-29T17:11:23","guid":{"rendered":"https:\/\/www.interaccionnoticias.com.mx\/?p=86951"},"modified":"2025-01-29T11:11:25","modified_gmt":"2025-01-29T17:11:25","slug":"denuncian-ecocidio-de-un-arbol-de-guamuchil-en-avenida-insurgentes","status":"publish","type":"post","link":"https:\/\/www.interaccionnoticias.com.mx\/?p=86951","title":{"rendered":"Denuncian ecocidio de un \u00e1rbol de guam\u00fachil en avenida Insurgentes"},"content":{"rendered":"\n<p><strong><em>&#8212; C\u00e9sar Santos comerciante de la avenida Insurgentes relat\u00f3 que los cortes comenzaron a notarse en el mes de diciembre y en los \u00faltimos cinco d\u00edas incrementaron<\/em><\/strong><\/p>\n\n\n\n<p><strong>Yasm\u00edn Garc\u00eda<\/strong><\/p>\n\n\n\n<p>Vecinos de la avenida Insurgentes denunciaron el ecocidio de un \u00e1rbol de guam\u00fachil al que le rociaron aceite quemado y cortaron parte de la corteza.<\/p>\n\n\n\n<p>C\u00e9sar Santos comerciante de la avenida Insurgentes relat\u00f3 que los cortes comenzaron a notarse en el mes de diciembre y en los \u00faltimos cinco d\u00edas incrementaron, aunque desconocen quien o quienes lo hicieron.<\/p>\n\n\n\n<p>\u00abTengo seis a\u00f1os aqu\u00ed y eso lo hicieron de noche, tenemos ya tiempo nunca habiamos visto nada yo tengo una c\u00e1mara y voy a estar pendiente de quien hizo esto\u00bb, advirti\u00f3 el comerciante.<\/p>\n\n\n\n<p>Consider\u00f3 que el \u00e1rbol esta en riesgo de secarse por los cortes, \u00abno estoy de acuerdo con que le hagan esto, porque da sombra, nos da ox\u00edgeno\u00bb.<\/p>\n\n\n\n<p>Otro comerciante de tacos, mencion\u00f3 que hasta el momento desconocen quien o quienes realicen estos cortes al \u00e1rbol de unos diez metros de alto.<\/p>\n\n\n\n<p>Pidi\u00f3 la intervenci\u00f3n de la Secretar\u00eda de Medio Ambiente, Cambio Clim\u00e1tico y Sustentabilidad del municipio de Chilpancingo, as\u00ed como de la Secretar\u00eda de Medio Ambiente y Recursos Naturales (Semaren).<\/p>\n\n\n\n<p>La ley establece que por cortar un \u00e1rbol la sanci\u00f3n es de aproximadamente 6 mil 700 pesos, adem\u00e1s de la reparaci\u00f3n del da\u00f1o ecol\u00f3gico que consiste en plantar 40 \u00e1rboles por el que se cort\u00f3.<\/p>\n\n\n\n<div class=\"wp-block-jetpack-slideshow aligncenter\" data-effect=\"slide\"><div class=\"wp-block-jetpack-slideshow_container swiper-container\"><ul class=\"wp-block-jetpack-slideshow_swiper-wrapper swiper-wrapper\"><li class=\"wp-block-jetpack-slideshow_slide swiper-slide\"><figure><img decoding=\"async\" src=\"data:image\/gif;base64,R0lGODlhAQABAIAAAAAAAP\/\/\/ywAAAAAAQABAAACAUwAOw==\" fifu-lazy=\"1\" fifu-data-sizes=\"auto\" fifu-data-srcset=\"https:\/\/i0.wp.com\/www.interaccionnoticias.com.mx\/wp-content\/uploads\/2025\/01\/250129-ecocidio-1-1024x683.jpg?ssl=1&w=75&resize=75&ssl=1 75w, https:\/\/i0.wp.com\/www.interaccionnoticias.com.mx\/wp-content\/uploads\/2025\/01\/250129-ecocidio-1-1024x683.jpg?ssl=1&w=100&resize=100&ssl=1 100w, https:\/\/i0.wp.com\/www.interaccionnoticias.com.mx\/wp-content\/uploads\/2025\/01\/250129-ecocidio-1-1024x683.jpg?ssl=1&w=150&resize=150&ssl=1 150w, https:\/\/i0.wp.com\/www.interaccionnoticias.com.mx\/wp-content\/uploads\/2025\/01\/250129-ecocidio-1-1024x683.jpg?ssl=1&w=240&resize=240&ssl=1 240w, https:\/\/i0.wp.com\/www.interaccionnoticias.com.mx\/wp-content\/uploads\/2025\/01\/250129-ecocidio-1-1024x683.jpg?ssl=1&w=320&resize=320&ssl=1 320w, https:\/\/i0.wp.com\/www.interaccionnoticias.com.mx\/wp-content\/uploads\/2025\/01\/250129-ecocidio-1-1024x683.jpg?ssl=1&w=500&resize=500&ssl=1 500w, https:\/\/i0.wp.com\/www.interaccionnoticias.com.mx\/wp-content\/uploads\/2025\/01\/250129-ecocidio-1-1024x683.jpg?ssl=1&w=640&resize=640&ssl=1 640w, https:\/\/i0.wp.com\/www.interaccionnoticias.com.mx\/wp-content\/uploads\/2025\/01\/250129-ecocidio-1-1024x683.jpg?ssl=1&w=800&resize=800&ssl=1 800w, https:\/\/i0.wp.com\/www.interaccionnoticias.com.mx\/wp-content\/uploads\/2025\/01\/250129-ecocidio-1-1024x683.jpg?ssl=1&w=1024&resize=1024&ssl=1 1024w, https:\/\/i0.wp.com\/www.interaccionnoticias.com.mx\/wp-content\/uploads\/2025\/01\/250129-ecocidio-1-1024x683.jpg?ssl=1&w=1280&resize=1280&ssl=1 1280w, https:\/\/i0.wp.com\/www.interaccionnoticias.com.mx\/wp-content\/uploads\/2025\/01\/250129-ecocidio-1-1024x683.jpg?ssl=1&w=1600&resize=1600&ssl=1 1600w\" alt=\"\" class=\"wp-block-jetpack-slideshow_image wp-image-86952\" data-id=\"86952\" fifu-data-src=\"https:\/\/i0.wp.com\/www.interaccionnoticias.com.mx\/wp-content\/uploads\/2025\/01\/250129-ecocidio-1-1024x683.jpg?ssl=1\"\/><\/figure><\/li><li class=\"wp-block-jetpack-slideshow_slide swiper-slide\"><figure><img decoding=\"async\" src=\"data:image\/gif;base64,R0lGODlhAQABAIAAAAAAAP\/\/\/ywAAAAAAQABAAACAUwAOw==\" fifu-lazy=\"1\" fifu-data-sizes=\"auto\" fifu-data-srcset=\"https:\/\/i3.wp.com\/www.interaccionnoticias.com.mx\/wp-content\/uploads\/2025\/01\/250129-ecocidio-2-1024x683.jpg?ssl=1&w=75&resize=75&ssl=1 75w, https:\/\/i3.wp.com\/www.interaccionnoticias.com.mx\/wp-content\/uploads\/2025\/01\/250129-ecocidio-2-1024x683.jpg?ssl=1&w=100&resize=100&ssl=1 100w, https:\/\/i3.wp.com\/www.interaccionnoticias.com.mx\/wp-content\/uploads\/2025\/01\/250129-ecocidio-2-1024x683.jpg?ssl=1&w=150&resize=150&ssl=1 150w, https:\/\/i3.wp.com\/www.interaccionnoticias.com.mx\/wp-content\/uploads\/2025\/01\/250129-ecocidio-2-1024x683.jpg?ssl=1&w=240&resize=240&ssl=1 240w, https:\/\/i3.wp.com\/www.interaccionnoticias.com.mx\/wp-content\/uploads\/2025\/01\/250129-ecocidio-2-1024x683.jpg?ssl=1&w=320&resize=320&ssl=1 320w, https:\/\/i3.wp.com\/www.interaccionnoticias.com.mx\/wp-content\/uploads\/2025\/01\/250129-ecocidio-2-1024x683.jpg?ssl=1&w=500&resize=500&ssl=1 500w, https:\/\/i3.wp.com\/www.interaccionnoticias.com.mx\/wp-content\/uploads\/2025\/01\/250129-ecocidio-2-1024x683.jpg?ssl=1&w=640&resize=640&ssl=1 640w, https:\/\/i3.wp.com\/www.interaccionnoticias.com.mx\/wp-content\/uploads\/2025\/01\/250129-ecocidio-2-1024x683.jpg?ssl=1&w=800&resize=800&ssl=1 800w, https:\/\/i3.wp.com\/www.interaccionnoticias.com.mx\/wp-content\/uploads\/2025\/01\/250129-ecocidio-2-1024x683.jpg?ssl=1&w=1024&resize=1024&ssl=1 1024w, https:\/\/i3.wp.com\/www.interaccionnoticias.com.mx\/wp-content\/uploads\/2025\/01\/250129-ecocidio-2-1024x683.jpg?ssl=1&w=1280&resize=1280&ssl=1 1280w, https:\/\/i3.wp.com\/www.interaccionnoticias.com.mx\/wp-content\/uploads\/2025\/01\/250129-ecocidio-2-1024x683.jpg?ssl=1&w=1600&resize=1600&ssl=1 1600w\" alt=\"\" class=\"wp-block-jetpack-slideshow_image wp-image-86953\" data-id=\"86953\" fifu-data-src=\"https:\/\/i3.wp.com\/www.interaccionnoticias.com.mx\/wp-content\/uploads\/2025\/01\/250129-ecocidio-2-1024x683.jpg?ssl=1\"\/><\/figure><\/li><\/ul><a class=\"wp-block-jetpack-slideshow_button-prev swiper-button-prev swiper-button-white\" role=\"button\"><\/a><a class=\"wp-block-jetpack-slideshow_button-next swiper-button-next swiper-button-white\" role=\"button\"><\/a><a aria-label=\"Pause Slideshow\" class=\"wp-block-jetpack-slideshow_button-pause\" role=\"button\"><\/a><div class=\"wp-block-jetpack-slideshow_pagination swiper-pagination swiper-pagination-white\"><\/div><\/div><\/div>\n","protected":false},"excerpt":{"rendered":"<p>&#8212; C\u00e9sar Santos comerciante de la avenida Insurgentes relat\u00f3 que los cortes comenzaron a notarse en el mes de diciembre y en los \u00faltimos cinco d\u00edas incrementaron Yasm\u00edn Garc\u00eda Vecinos&hellip; <\/p>\n","protected":false},"author":32,"featured_media":86953,"comment_status":"open","ping_status":"open","sticky":false,"template":"","format":"standard","meta":{"fifu_image_url":"","fifu_image_alt":"","footnotes":""},"categories":[13],"tags":[],"class_list":["post-86951","post","type-post","status-publish","format-standard","has-post-thumbnail","hentry","category-capital"],"_links":{"self":[{"href":"https:\/\/www.interaccionnoticias.com.mx\/index.php?rest_route=\/wp\/v2\/posts\/86951","targetHints":{"allow":["GET"]}}],"collection":[{"href":"https:\/\/www.interaccionnoticias.com.mx\/index.php?rest_route=\/wp\/v2\/posts"}],"about":[{"href":"https:\/\/www.interaccionnoticias.com.mx\/index.php?rest_route=\/wp\/v2\/types\/post"}],"author":[{"embeddable":true,"href":"https:\/\/www.interaccionnoticias.com.mx\/index.php?rest_route=\/wp\/v2\/users\/32"}],"replies":[{"embeddable":true,"href":"https:\/\/www.interaccionnoticias.com.mx\/index.php?rest_route=%2Fwp%2Fv2%2Fcomments&post=86951"}],"version-history":[{"count":1,"href":"https:\/\/www.interaccionnoticias.com.mx\/index.php?rest_route=\/wp\/v2\/posts\/86951\/revisions"}],"predecessor-version":[{"id":86954,"href":"https:\/\/www.interaccionnoticias.com.mx\/index.php?rest_route=\/wp\/v2\/posts\/86951\/revisions\/86954"}],"wp:featuredmedia":[{"embeddable":true,"href":"https:\/\/www.interaccionnoticias.com.mx\/index.php?rest_route=\/wp\/v2\/media\/86953"}],"wp:attachment":[{"href":"https:\/\/www.interaccionnoticias.com.mx\/index.php?rest_route=%2Fwp%2Fv2%2Fmedia&parent=86951"}],"wp:term":[{"taxonomy":"category","embeddable":true,"href":"https:\/\/www.interaccionnoticias.com.mx\/index.php?rest_route=%2Fwp%2Fv2%2Fcategories&post=86951"},{"taxonomy":"post_tag","embeddable":true,"href":"https:\/\/www.interaccionnoticias.com.mx\/index.php?rest_route=%2Fwp%2Fv2%2Ftags&post=86951"}],"curies":[{"name":"wp","href":"https:\/\/api.w.org\/{rel}","templated":true}]}}