{"id":86946,"date":"2025-01-28T15:49:00","date_gmt":"2025-01-28T21:49:00","guid":{"rendered":"https:\/\/www.interaccionnoticias.com.mx\/?p=86946"},"modified":"2025-01-28T20:13:24","modified_gmt":"2025-01-29T02:13:24","slug":"guerrerenses-no-buscan-regresar-al-estado-silvia-rivera","status":"publish","type":"post","link":"https:\/\/www.interaccionnoticias.com.mx\/?p=86946","title":{"rendered":"Guerrerenses no buscan regresar al estado: Silvia Rivera"},"content":{"rendered":"\n<p><em><strong>&#8212; Insistir\u00e1n en ingresar otra vez a los Estados Unidos<br>&#8212; En la era de Donald Trump 540 guerrerenses han sido deportados<\/strong><\/em><\/p>\n\n\n\n<p><strong>Javier Trujillo<\/strong><\/p>\n\n\n\n<p><strong>Acapulco, Gro. \u2013 <\/strong>Desde la llegada del presidente Donald Trump, han sido repatriados m\u00e1s de 500 guerrerenses, que no han regresado a su estado natal, sino que aseguran buscar\u00e1n regresar a los Estados Unidos.<\/p>\n\n\n\n<p>Se indica que se est\u00e1 preparando un plan sobre todo porque algunos van a regresar al estado y no tienen ni a donde llegar.<\/p>\n\n\n\n<p>\u201cAhorita tenemos datos de que el flujo migratorio casi es el mismo que ha estado ocurriendo en meses pasados.<\/p>\n\n\n\n<p>\u201cLos primeros que est\u00e1n repatriando son aquellos que cometieron delitos, eso es una realidad. Hemos estado en contacto con la federaci\u00f3n de migrantes radicados en Chicago que es el lugar donde m\u00e1s guerrerenses radican\u201d, dijo Silvia Rivera Carbajal, secretaria del migrante y asuntos internacionales de Guerrero.<\/p>\n\n\n\n<p>Detall\u00f3 que en el caso de los que han sido deportados son porque han cometido delitos y se trata de faltas como el maltrato a ni\u00f1os, golpear a las esposas, y esos son los primeros que est\u00e1n repatriando.<\/p>\n\n\n\n<p>Revel\u00f3 que hasta la fecha son entre 50 y 60 guerrerenses deportados diariamente, pero aclar\u00f3 que esa cantidad es normal siempre se ha visto, y que del 20 al 28 de enero ser\u00edan unos 540 aproximadamente los deportados.<\/p>\n\n\n\n<p>Rivera Carbajal dijo que, en los albergues en la ciudad de Tijuana, Baja California, el Ej\u00e9rcito Mexicano participa en la seguridad, alimentaci\u00f3n y un \u00e1rea donde dormir para los migrantes.<\/p>\n\n\n\n<p>Adem\u00e1s, tambi\u00e9n est\u00e1 presente el personal del Registro Nacional de Poblaci\u00f3n (RENAPO), que tambi\u00e9n est\u00e1 colaborando con los guerrerenses que han sido deportados y se les ayuda con su documentaci\u00f3n y se les apoya para que la gente los repatriados digan para donde van.<\/p>\n\n\n\n<p>\u201cPero la mayor\u00eda (de los repatriados) m\u00e1s del 80 por ciento, no quieren regresar a sus estados, ellos quieren volver a intentar, voy intentar las veces que me sigan deportando, pero no quieren regresar\u201d, revel\u00f3.<\/p>\n\n\n\n<p>Destac\u00f3 que la mayor\u00eda de los repatriados mexicanos en los diversos puntos de la frontera con los Estados Unidos y M\u00e9xico, son de estados m\u00e1s pobres del sur como Michoac\u00e1n, Guerrero, Oaxaca y Chiapas.<\/p>\n\n\n\n<p>Para atender a los guerrerenses que regresen al estado dijo que la mandataria estatal, Evelyn Salgado Pineda, est\u00e1 dise\u00f1ando un plan emergente para los guerrerenses que sean repatriados.<\/p>\n\n\n\n<p>\u201cEstamos trabajando, y a fines de esta semana la gobernadora Evelyn Salgado presentar\u00e1 un plan emergente de atenci\u00f3n a los migrantes repatriados para poder atenderlos y que ellos se sientan seguros de regresar a Guerrero\u201d, remarc\u00f3 la funcionaria estatal Silvia Rivera.<\/p>\n","protected":false},"excerpt":{"rendered":"<p>&#8212; Insistir\u00e1n en ingresar otra vez a los Estados Unidos&#8212; En la era de Donald Trump 540 guerrerenses han sido deportados Javier Trujillo Acapulco, Gro. \u2013 Desde la llegada del&hellip; <\/p>\n","protected":false},"author":3,"featured_media":86878,"comment_status":"open","ping_status":"open","sticky":false,"template":"","format":"standard","meta":{"fifu_image_url":"","fifu_image_alt":"","footnotes":""},"categories":[11],"tags":[],"class_list":["post-86946","post","type-post","status-publish","format-standard","has-post-thumbnail","hentry","category-guerrero"],"_links":{"self":[{"href":"https:\/\/www.interaccionnoticias.com.mx\/index.php?rest_route=\/wp\/v2\/posts\/86946","targetHints":{"allow":["GET"]}}],"collection":[{"href":"https:\/\/www.interaccionnoticias.com.mx\/index.php?rest_route=\/wp\/v2\/posts"}],"about":[{"href":"https:\/\/www.interaccionnoticias.com.mx\/index.php?rest_route=\/wp\/v2\/types\/post"}],"author":[{"embeddable":true,"href":"https:\/\/www.interaccionnoticias.com.mx\/index.php?rest_route=\/wp\/v2\/users\/3"}],"replies":[{"embeddable":true,"href":"https:\/\/www.interaccionnoticias.com.mx\/index.php?rest_route=%2Fwp%2Fv2%2Fcomments&post=86946"}],"version-history":[{"count":1,"href":"https:\/\/www.interaccionnoticias.com.mx\/index.php?rest_route=\/wp\/v2\/posts\/86946\/revisions"}],"predecessor-version":[{"id":86947,"href":"https:\/\/www.interaccionnoticias.com.mx\/index.php?rest_route=\/wp\/v2\/posts\/86946\/revisions\/86947"}],"wp:featuredmedia":[{"embeddable":true,"href":"https:\/\/www.interaccionnoticias.com.mx\/index.php?rest_route=\/wp\/v2\/media\/86878"}],"wp:attachment":[{"href":"https:\/\/www.interaccionnoticias.com.mx\/index.php?rest_route=%2Fwp%2Fv2%2Fmedia&parent=86946"}],"wp:term":[{"taxonomy":"category","embeddable":true,"href":"https:\/\/www.interaccionnoticias.com.mx\/index.php?rest_route=%2Fwp%2Fv2%2Fcategories&post=86946"},{"taxonomy":"post_tag","embeddable":true,"href":"https:\/\/www.interaccionnoticias.com.mx\/index.php?rest_route=%2Fwp%2Fv2%2Ftags&post=86946"}],"curies":[{"name":"wp","href":"https:\/\/api.w.org\/{rel}","templated":true}]}}