{"id":86939,"date":"2025-01-28T14:30:00","date_gmt":"2025-01-28T20:30:00","guid":{"rendered":"https:\/\/www.interaccionnoticias.com.mx\/?p=86939"},"modified":"2025-01-28T20:01:31","modified_gmt":"2025-01-29T02:01:31","slug":"86939-2","status":"publish","type":"post","link":"https:\/\/www.interaccionnoticias.com.mx\/?p=86939","title":{"rendered":"SEG confirma agresi\u00f3n a tubazos contra alumno de la Primaria Fray Bartolom\u00e9 de las Casas, de Chilpancingo"},"content":{"rendered":"\n<p><em><strong>Las autoridades acudieron a dicho plantel, ubicado en el centro de la ciudad<\/strong><\/em><\/p>\n\n\n\n<p><strong>Jes\u00fas Dorantes<\/strong><\/p>\n\n\n\n<p><strong>Chilpancingo, Gro.-<\/strong> La Secretar\u00eda de Educaci\u00f3n Guerrero (SEG) confirm\u00f3 la agresi\u00f3n a tubazos contra un estudiante de tercer grado de la Escuela Primaria Fray Bartolom\u00e9 de las Casas, ubicada el el centro de la capital del estado.<\/p>\n\n\n\n<p>La dependencia dio a conocer que el asunto ya fue atendido y que se le est\u00e1 dando tratamiento a los agresores y la v\u00edctima, en el entendido que todos los involucrados so ni\u00f1os.<\/p>\n\n\n\n<p>La noticia de la agresi\u00f3n se difundi\u00f3 en redes sociales el pasado fin de semana, pero no fue hasta el martes 28 de enero que el director de Educaci\u00f3n Primaria de la SEG, Abel Torres Hern\u00e1ndez confirm\u00f3 el hecho.<\/p>\n\n\n\n<p>\u00abSe va cuidar que a la persona agredida se le proteja, en tanto que a la otra persona que agredi\u00f3 se le va llevar a que reciba atenci\u00f3n, vamos a intentar caminar por el camino de la justicia y de la tranquilidad, porque son ni\u00f1os\u00bb, se\u00f1al\u00f3 Torres Hern\u00e1ndez.<\/p>\n\n\n\n<p>Por su parte, la escuela primaria public\u00f3 un comunicado en sus redes sociales, se\u00f1alando que el caso fue atendido en las instalaciones de la escuela con la presencia de la Comisi\u00f3n de Derechos Humanos del Estado de Guerrero (CDHEG), la Procuradur\u00eda de Defensa del Menor y la Supervisi\u00f3n y Jefatura Escolar.<\/p>\n\n\n\n<p>En el breve escrito no se da m\u00e1s informaci\u00f3n sobre el tema, aunque durante el fin de semana se dio a conocer a trav\u00e9s de las redes sociales, que un alumno var\u00f3n de tercer a\u00f1o de primaria fue agredido a golpes por un grupo de sus compa\u00f1eros, los cuales utilizaron un tubo para causarle lesiones.<\/p>\n\n\n\n<p>Dicha denuncia fue acompa\u00f1ado por una imagen del menor en una cama de hospital con una bata de color azul, adem\u00e1s de que se obsrva que le suministra suero en la imagen.<\/p>\n\n\n\n<p>En las publicaciones que acompa\u00f1aron esa fotograf\u00eda, tambi\u00e9n se se\u00f1ala que presentaba dolores de cabeza mareos y nauseas por las lesiones que recibi\u00f3.<\/p>\n","protected":false},"excerpt":{"rendered":"<p>Las autoridades acudieron a dicho plantel, ubicado en el centro de la ciudad Jes\u00fas Dorantes Chilpancingo, Gro.- La Secretar\u00eda de Educaci\u00f3n Guerrero (SEG) confirm\u00f3 la agresi\u00f3n a tubazos contra un&hellip; <\/p>\n","protected":false},"author":8,"featured_media":86940,"comment_status":"open","ping_status":"open","sticky":false,"template":"","format":"standard","meta":{"fifu_image_url":"","fifu_image_alt":"","footnotes":""},"categories":[6],"tags":[],"class_list":["post-86939","post","type-post","status-publish","format-standard","has-post-thumbnail","hentry","category-educacion"],"_links":{"self":[{"href":"https:\/\/www.interaccionnoticias.com.mx\/index.php?rest_route=\/wp\/v2\/posts\/86939","targetHints":{"allow":["GET"]}}],"collection":[{"href":"https:\/\/www.interaccionnoticias.com.mx\/index.php?rest_route=\/wp\/v2\/posts"}],"about":[{"href":"https:\/\/www.interaccionnoticias.com.mx\/index.php?rest_route=\/wp\/v2\/types\/post"}],"author":[{"embeddable":true,"href":"https:\/\/www.interaccionnoticias.com.mx\/index.php?rest_route=\/wp\/v2\/users\/8"}],"replies":[{"embeddable":true,"href":"https:\/\/www.interaccionnoticias.com.mx\/index.php?rest_route=%2Fwp%2Fv2%2Fcomments&post=86939"}],"version-history":[{"count":2,"href":"https:\/\/www.interaccionnoticias.com.mx\/index.php?rest_route=\/wp\/v2\/posts\/86939\/revisions"}],"predecessor-version":[{"id":86942,"href":"https:\/\/www.interaccionnoticias.com.mx\/index.php?rest_route=\/wp\/v2\/posts\/86939\/revisions\/86942"}],"wp:featuredmedia":[{"embeddable":true,"href":"https:\/\/www.interaccionnoticias.com.mx\/index.php?rest_route=\/wp\/v2\/media\/86940"}],"wp:attachment":[{"href":"https:\/\/www.interaccionnoticias.com.mx\/index.php?rest_route=%2Fwp%2Fv2%2Fmedia&parent=86939"}],"wp:term":[{"taxonomy":"category","embeddable":true,"href":"https:\/\/www.interaccionnoticias.com.mx\/index.php?rest_route=%2Fwp%2Fv2%2Fcategories&post=86939"},{"taxonomy":"post_tag","embeddable":true,"href":"https:\/\/www.interaccionnoticias.com.mx\/index.php?rest_route=%2Fwp%2Fv2%2Ftags&post=86939"}],"curies":[{"name":"wp","href":"https:\/\/api.w.org\/{rel}","templated":true}]}}