{"id":86898,"date":"2025-01-27T19:12:00","date_gmt":"2025-01-28T01:12:00","guid":{"rendered":"https:\/\/www.interaccionnoticias.com.mx\/?p=86898"},"modified":"2025-01-27T21:12:09","modified_gmt":"2025-01-28T03:12:09","slug":"el-incremento-en-el-robo-de-motocicletas","status":"publish","type":"post","link":"https:\/\/www.interaccionnoticias.com.mx\/?p=86898","title":{"rendered":"El incremento en el robo de motocicletas, tema que compete al Estado y la FGE, se\u00f1ala el alcalde de Chilpancingo"},"content":{"rendered":"\n<p><strong><em>&#8212; En los \u00faltimos meses usuarios de redes sociales han reportado el robo de motocicletas con un modus operandi ya bien ubicado<br>&#8212; El municipio hace su parte, asegura el alcalde<\/em><\/strong><\/p>\n\n\n\n<p><strong>Yasm\u00edn Garc\u00eda<\/strong><\/p>\n\n\n\n<p>El alcalde Gustavo Alarc\u00f3n Herrera asegur\u00f3 que el incremento en el robo de motocicletas es un asunto que compete atender al Gobierno del Estado y la Fiscal\u00eda General, ya que el municipio atiende lo relacionado con la prevenci\u00f3n del delito.<\/p>\n\n\n\n<p>En breve entrevista en el z\u00f3calo de la ciudad, el alcalde explic\u00f3 que el Ayuntamiento est\u00e1 trabajando en el par\u00e1metro de la prevenci\u00f3n, aplicando el reglamento, como el uso de casco, y tener todos sus requisitos en orden.<\/p>\n\n\n\n<p>\u00abEn el par\u00e1metro de la prevenci\u00f3n estamos, los detenimientos para que lleven casco que no anden zigzagueando y tengan un plan con todos los requisitos, ah\u00ed es en gran parte la soluci\u00f3n de los problemas ya lo dem\u00e1s es tema del estado y de la Fiscal\u00eda\u00bb, justific\u00f3 el alcalde.<\/p>\n\n\n\n<p>En los \u00faltimos meses usuarios de redes sociales han reportado el robo de motocicletas durante el d\u00eda y en algunos casos en la noche y madrugada.<\/p>\n\n\n\n<p>El caso m\u00e1s reciente es de un motociclista que es chocado por dos motociclistas en el Bordo de San Mateo, cae al suelo y es cuando los dos hombres aprovechan para robarle la motocicleta.<\/p>\n","protected":false},"excerpt":{"rendered":"<p>&#8212; En los \u00faltimos meses usuarios de redes sociales han reportado el robo de motocicletas con un modus operandi ya bien ubicado&#8212; El municipio hace su parte, asegura el alcalde&hellip; <\/p>\n","protected":false},"author":32,"featured_media":86899,"comment_status":"open","ping_status":"open","sticky":false,"template":"","format":"standard","meta":{"fifu_image_url":"","fifu_image_alt":"","footnotes":""},"categories":[13],"tags":[],"class_list":["post-86898","post","type-post","status-publish","format-standard","has-post-thumbnail","hentry","category-capital"],"_links":{"self":[{"href":"https:\/\/www.interaccionnoticias.com.mx\/index.php?rest_route=\/wp\/v2\/posts\/86898","targetHints":{"allow":["GET"]}}],"collection":[{"href":"https:\/\/www.interaccionnoticias.com.mx\/index.php?rest_route=\/wp\/v2\/posts"}],"about":[{"href":"https:\/\/www.interaccionnoticias.com.mx\/index.php?rest_route=\/wp\/v2\/types\/post"}],"author":[{"embeddable":true,"href":"https:\/\/www.interaccionnoticias.com.mx\/index.php?rest_route=\/wp\/v2\/users\/32"}],"replies":[{"embeddable":true,"href":"https:\/\/www.interaccionnoticias.com.mx\/index.php?rest_route=%2Fwp%2Fv2%2Fcomments&post=86898"}],"version-history":[{"count":2,"href":"https:\/\/www.interaccionnoticias.com.mx\/index.php?rest_route=\/wp\/v2\/posts\/86898\/revisions"}],"predecessor-version":[{"id":86901,"href":"https:\/\/www.interaccionnoticias.com.mx\/index.php?rest_route=\/wp\/v2\/posts\/86898\/revisions\/86901"}],"wp:featuredmedia":[{"embeddable":true,"href":"https:\/\/www.interaccionnoticias.com.mx\/index.php?rest_route=\/wp\/v2\/media\/86899"}],"wp:attachment":[{"href":"https:\/\/www.interaccionnoticias.com.mx\/index.php?rest_route=%2Fwp%2Fv2%2Fmedia&parent=86898"}],"wp:term":[{"taxonomy":"category","embeddable":true,"href":"https:\/\/www.interaccionnoticias.com.mx\/index.php?rest_route=%2Fwp%2Fv2%2Fcategories&post=86898"},{"taxonomy":"post_tag","embeddable":true,"href":"https:\/\/www.interaccionnoticias.com.mx\/index.php?rest_route=%2Fwp%2Fv2%2Ftags&post=86898"}],"curies":[{"name":"wp","href":"https:\/\/api.w.org\/{rel}","templated":true}]}}