{"id":86887,"date":"2025-01-27T17:20:00","date_gmt":"2025-01-27T23:20:00","guid":{"rendered":"https:\/\/www.interaccionnoticias.com.mx\/?p=86887"},"modified":"2025-01-27T20:39:49","modified_gmt":"2025-01-28T02:39:49","slug":"panistas-protestan-en-instalaciones-del-infonavit","status":"publish","type":"post","link":"https:\/\/www.interaccionnoticias.com.mx\/?p=86887","title":{"rendered":"Panistas protestan en instalaciones del Infonavit, en Chilpancingo y Acapulco"},"content":{"rendered":"\n<p><strong><em>&#8211;Exigen que se d\u00e9 marcha atr\u00e1s a la Reforma en esa materia<\/em><\/strong><\/p>\n\n\n\n<p><strong>Rosario Garc\u00eda Orozco<\/strong><\/p>\n\n\n\n<p>Integrantes de la dirigencia estatal del Partido Acci\u00f3n Nacional (PAN) tomaron las instalaciones del Instituto del Fondo Nacional de Vivienda para los Trabajadores (Infonavit), para pedir que se d\u00e9 marcha atr\u00e1s a la reforma, en esa materia.<\/p>\n\n\n\n<p>Eloy Salmer\u00f3n D\u00edaz, dirigente del PAN en el estado lament\u00f3 que el gobierno federal pretenda apoderarse de los 2.8 billones de pesos que integran el Fondo de ahorro para vivienda de los trabajadores, en el \u00e1mbito nacional.<\/p>\n\n\n\n<p>El dirigente panista sostuvo que con la propuesta de Reforma a la Ley del Infonavit, los legisladores federales ponen en riesgo las aportaciones de 77 millones de trabajadores en el pa\u00eds, porque pretenden poner a la disposici\u00f3n de una \u00absola persona\u00bb, el uso de esos recursos.<\/p>\n\n\n\n<p>Durante la protesta, Eloy Salmer\u00f3n pidi\u00f3 la intervenci\u00f3n de la sociedad y trabajadores, para asumir la defensa civil con movilizaciones.<\/p>\n\n\n\n<p>Esa movilizaci\u00f3n, aclar\u00f3 el dirigente estatal del blanquiaz\u00fal, se llev\u00f3 a cabo de manera simult\u00e1nea en todo el pa\u00eds, mientras que en el caso de Guerrero, las concentraciones se llevaron a cabo en Chilpancingo y Acapulco.<\/p>\n","protected":false},"excerpt":{"rendered":"<p>&#8211;Exigen que se d\u00e9 marcha atr\u00e1s a la Reforma en esa materia Rosario Garc\u00eda Orozco Integrantes de la dirigencia estatal del Partido Acci\u00f3n Nacional (PAN) tomaron las instalaciones del Instituto&hellip; <\/p>\n","protected":false},"author":14,"featured_media":86888,"comment_status":"open","ping_status":"open","sticky":false,"template":"","format":"standard","meta":{"fifu_image_url":"","fifu_image_alt":"","footnotes":""},"categories":[21],"tags":[],"class_list":["post-86887","post","type-post","status-publish","format-standard","has-post-thumbnail","hentry","category-politica"],"_links":{"self":[{"href":"https:\/\/www.interaccionnoticias.com.mx\/index.php?rest_route=\/wp\/v2\/posts\/86887","targetHints":{"allow":["GET"]}}],"collection":[{"href":"https:\/\/www.interaccionnoticias.com.mx\/index.php?rest_route=\/wp\/v2\/posts"}],"about":[{"href":"https:\/\/www.interaccionnoticias.com.mx\/index.php?rest_route=\/wp\/v2\/types\/post"}],"author":[{"embeddable":true,"href":"https:\/\/www.interaccionnoticias.com.mx\/index.php?rest_route=\/wp\/v2\/users\/14"}],"replies":[{"embeddable":true,"href":"https:\/\/www.interaccionnoticias.com.mx\/index.php?rest_route=%2Fwp%2Fv2%2Fcomments&post=86887"}],"version-history":[{"count":2,"href":"https:\/\/www.interaccionnoticias.com.mx\/index.php?rest_route=\/wp\/v2\/posts\/86887\/revisions"}],"predecessor-version":[{"id":86890,"href":"https:\/\/www.interaccionnoticias.com.mx\/index.php?rest_route=\/wp\/v2\/posts\/86887\/revisions\/86890"}],"wp:featuredmedia":[{"embeddable":true,"href":"https:\/\/www.interaccionnoticias.com.mx\/index.php?rest_route=\/wp\/v2\/media\/86888"}],"wp:attachment":[{"href":"https:\/\/www.interaccionnoticias.com.mx\/index.php?rest_route=%2Fwp%2Fv2%2Fmedia&parent=86887"}],"wp:term":[{"taxonomy":"category","embeddable":true,"href":"https:\/\/www.interaccionnoticias.com.mx\/index.php?rest_route=%2Fwp%2Fv2%2Fcategories&post=86887"},{"taxonomy":"post_tag","embeddable":true,"href":"https:\/\/www.interaccionnoticias.com.mx\/index.php?rest_route=%2Fwp%2Fv2%2Ftags&post=86887"}],"curies":[{"name":"wp","href":"https:\/\/api.w.org\/{rel}","templated":true}]}}