{"id":86883,"date":"2025-01-27T19:01:00","date_gmt":"2025-01-28T01:01:00","guid":{"rendered":"https:\/\/www.interaccionnoticias.com.mx\/?p=86883"},"modified":"2025-01-27T20:32:40","modified_gmt":"2025-01-28T02:32:40","slug":"asesinan-a-profesor-de-educacion-fisica","status":"publish","type":"post","link":"https:\/\/www.interaccionnoticias.com.mx\/?p=86883","title":{"rendered":"Asesinan a profesor de Educaci\u00f3n F\u00edsica, al lado de escuela de Chilpancingo"},"content":{"rendered":"\n<p><em><strong>&#8212; Se movilizan corporaciones polic\u00edacas, pero no hay detenidos<\/strong><\/em><\/p>\n\n\n\n<p><strong>Rogelio Agust\u00edn<\/strong><\/p>\n\n\n\n<p>Desconocidos asesinaron a un profesor de Educaci\u00f3n F\u00edsica en la parte baja de la colonia Obrera, al costado de la escuela primaria Nicol\u00e1s Bravo, en el sector poniente de la capital del estado.<\/p>\n\n\n\n<p>El hecho se registr\u00f3 alrededor de las 18:15 horas del lunes 27 de enero, cuando la v\u00edctima se encontraba a bordo de su veh\u00edculo, un Mazda color rojo de modelo reciente, el cual qued\u00f3 con los cuartos encendidos.<\/p>\n\n\n\n<p>Los vecinos reportaron que se escucharon varias detonaciones de arma de fuego, por lo que de inmediato dieron parte a las autoridades, para efecto de que acudieran a verificar.<\/p>\n\n\n\n<p>Al lugar acudieron param\u00e9dicos de la Cruz Roja Mexicana, quienes al revisar el cuerpo de la v\u00edctima establecieron que ya no ten\u00eda signos vitales.<\/p>\n\n\n\n<p>Acto seguido, elementos de la Polic\u00eda del Estado acordinaron el \u00e1rea y esperaron el arribo del personal de la Fiscal\u00eda General del Estado (FGE), para iniciar las investigaciones correspondientes.<\/p>\n\n\n\n<p>En el lugar, testigos se\u00f1alaron que la v\u00edctima era el profesor de Educaci\u00f3n F\u00edsica del plantel, aunque no se estableci\u00f3 la identidad.<\/p>\n\n\n\n<p>El veh\u00edculo, al parecer propiedad de la v\u00edctima presentaba por lo menos 20 impactos de bala.<\/p>\n\n\n\n<p>Aunque la polic\u00eda se despleg\u00f3 hacia la zona, no se tiene el reporte de personas detenidas.<\/p>\n","protected":false},"excerpt":{"rendered":"<p>&#8212; Se movilizan corporaciones polic\u00edacas, pero no hay detenidos Rogelio Agust\u00edn Desconocidos asesinaron a un profesor de Educaci\u00f3n F\u00edsica en la parte baja de la colonia Obrera, al costado de&hellip; <\/p>\n","protected":false},"author":21,"featured_media":86884,"comment_status":"open","ping_status":"open","sticky":false,"template":"","format":"standard","meta":{"fifu_image_url":"","fifu_image_alt":"","footnotes":""},"categories":[27],"tags":[],"class_list":["post-86883","post","type-post","status-publish","format-standard","has-post-thumbnail","hentry","category-seguridad-publica"],"_links":{"self":[{"href":"https:\/\/www.interaccionnoticias.com.mx\/index.php?rest_route=\/wp\/v2\/posts\/86883","targetHints":{"allow":["GET"]}}],"collection":[{"href":"https:\/\/www.interaccionnoticias.com.mx\/index.php?rest_route=\/wp\/v2\/posts"}],"about":[{"href":"https:\/\/www.interaccionnoticias.com.mx\/index.php?rest_route=\/wp\/v2\/types\/post"}],"author":[{"embeddable":true,"href":"https:\/\/www.interaccionnoticias.com.mx\/index.php?rest_route=\/wp\/v2\/users\/21"}],"replies":[{"embeddable":true,"href":"https:\/\/www.interaccionnoticias.com.mx\/index.php?rest_route=%2Fwp%2Fv2%2Fcomments&post=86883"}],"version-history":[{"count":2,"href":"https:\/\/www.interaccionnoticias.com.mx\/index.php?rest_route=\/wp\/v2\/posts\/86883\/revisions"}],"predecessor-version":[{"id":86886,"href":"https:\/\/www.interaccionnoticias.com.mx\/index.php?rest_route=\/wp\/v2\/posts\/86883\/revisions\/86886"}],"wp:featuredmedia":[{"embeddable":true,"href":"https:\/\/www.interaccionnoticias.com.mx\/index.php?rest_route=\/wp\/v2\/media\/86884"}],"wp:attachment":[{"href":"https:\/\/www.interaccionnoticias.com.mx\/index.php?rest_route=%2Fwp%2Fv2%2Fmedia&parent=86883"}],"wp:term":[{"taxonomy":"category","embeddable":true,"href":"https:\/\/www.interaccionnoticias.com.mx\/index.php?rest_route=%2Fwp%2Fv2%2Fcategories&post=86883"},{"taxonomy":"post_tag","embeddable":true,"href":"https:\/\/www.interaccionnoticias.com.mx\/index.php?rest_route=%2Fwp%2Fv2%2Ftags&post=86883"}],"curies":[{"name":"wp","href":"https:\/\/api.w.org\/{rel}","templated":true}]}}