{"id":86877,"date":"2025-01-27T16:36:54","date_gmt":"2025-01-27T22:36:54","guid":{"rendered":"https:\/\/www.interaccionnoticias.com.mx\/?p=86877"},"modified":"2025-01-27T16:38:06","modified_gmt":"2025-01-27T22:38:06","slug":"no-han-llegado-guerrerenses-deportados","status":"publish","type":"post","link":"https:\/\/www.interaccionnoticias.com.mx\/?p=86877","title":{"rendered":"No han llegado guerrerenses deportados de Estados Unidos"},"content":{"rendered":"\n<p><em><strong>&#8212; \u201cEstamos preparados para ayudar a quienes sean deportados: Silvia Rivera<\/strong><\/em><\/p>\n\n\n\n<p><strong>Rosario Garc\u00eda Orozco<\/strong><\/p>\n\n\n\n<p>A Guerrero no han llegado personas deportadas de Estados Unidos, asegur\u00f3 la secretaria del Migrante y Asuntos Internacionales del gobierno del estado, Silvia Rivera Carbajal.<\/p>\n\n\n\n<p>Mencion\u00f3 que hasta este momento ni un autob\u00fas con personas deportadas de Estados Unidos, tras la llegada de Donalp Trump a la presidencia de ese pa\u00eds, han llegado a Guerrero.<\/p>\n\n\n\n<p>La funcionaria estatal dio a conocer que hay una coordinaci\u00f3n interinstitucional de instancias federales y del estado para que los paisanos que lleguen al estado, se les entregue una tarjeta de apoyo y algunas otras acciones para ayudar a los connacionales.<\/p>\n\n\n\n<p>\u201cEstamos en espera, no ha llegado ning\u00fan autob\u00fas, no han llegado ning\u00fan autob\u00fas de migrantes guerrerenses deportados todav\u00eda\u201d, remarco la funcionaria estatal.<\/p>\n\n\n\n<p>Rivera Carbajal reconoci\u00f3 que al menos 160 guerrerenses ya fueron deportados pero se mantienen en la frontera norte, \u201cpero es casi lo que me dijo migraci\u00f3n que era lo normal que siempre deportaban, cuando entr\u00f3 el nuevo gobierno\u201d.<\/p>\n\n\n\n<p>Insisti\u00f3 en que s\u00ed hay deportaciones de Estados Unidos hac\u00eda M\u00e9xico, pero, \u201cson de varios pa\u00edses, ahora s\u00ed que vamos a hablar con los gobiernos, porque son de Centro Am\u00e9rica, Sudam\u00e9rica incluido M\u00e9xico y otros pa\u00edses\u201d.<\/p>\n\n\n\n<p>Agreg\u00f3 que en tres d\u00edas se deportaron al menos 160 personas, guerrerenses permanecen en la frontera norte, \u201cque es casi lo normal\u201d..<\/p>\n\n\n\n<p>Tambi\u00e9n coment\u00f3 que una persona que se regres\u00f3 a su lugar de origen en la entidad, debido a una enfermedad respiratoria no llego a Guerrero se qued\u00f3 en la frontera para atenderse de su salud, \u201cyo mande gente para que se canalizara inmediatamente al hospital, porque estamos con salud, conectados en este asunto, estamos coordin\u00e1ndonos para poder atender a los migrantes\u201d.<\/p>\n\n\n\n<p>Confi\u00f3 en que la cantidad de deportaciones no sea elevada, pero en caso de que as\u00ed sea, en esa dependencia est\u00e1n preparados para ayudar a los migrantes una vez que lleguen a la entidad.<\/p>\n\n\n\n<p>\u201cTenemos un formulario donde vamos a aplic\u00e1rselos a los que lleguen, para ver en qu\u00e9 condiciones vienen, a d\u00f3nde van, de d\u00f3nde son, si tienen casa a donde llegar, qu\u00e9 saben hacer, cu\u00e1l es su oficio para poderlos incluirlos y meterlos en diferentes programas que ya tenemos, si tiene programas asistenciales en el caso del gobierno federal, programas sociales, si tienen programas del gobierno del estado, porque tambi\u00e9n estamos trabajando con los programas sociales que hay, tiene que ver los federales aqu\u00ed en Guerrero\u201d, explic\u00f3.<\/p>\n\n\n\n<p>Dijo que quienes no quieran regresar a su lugar de origen, \u201cnadie les puede obligar a regresar\u201d, incluso aseguro que en la frontera norte hay muchos guerrerenses esperando una oportunidad para intentar volver a territorio estadounidense, \u201cy se pasan de un albergue a otro\u201d, con la intenci\u00f3n de intentarlo las veces que sea necesario.<\/p>\n\n\n\n<figure class=\"wp-block-gallery has-nested-images columns-default is-cropped wp-block-gallery-1 is-layout-flex wp-block-gallery-is-layout-flex\">\n<figure class=\"wp-block-image size-large\"><img decoding=\"async\" src=\"data:image\/gif;base64,R0lGODlhAQABAIAAAAAAAP\/\/\/ywAAAAAAQABAAACAUwAOw==\" fifu-lazy=\"1\" fifu-data-sizes=\"auto\" fifu-data-srcset=\"https:\/\/i1.wp.com\/www.interaccionnoticias.com.mx\/wp-content\/uploads\/2025\/01\/250127-Silvia-Rivera-Carbajal-2-1024x683.jpg?ssl=1&w=75&resize=75&ssl=1 75w, https:\/\/i1.wp.com\/www.interaccionnoticias.com.mx\/wp-content\/uploads\/2025\/01\/250127-Silvia-Rivera-Carbajal-2-1024x683.jpg?ssl=1&w=100&resize=100&ssl=1 100w, https:\/\/i1.wp.com\/www.interaccionnoticias.com.mx\/wp-content\/uploads\/2025\/01\/250127-Silvia-Rivera-Carbajal-2-1024x683.jpg?ssl=1&w=150&resize=150&ssl=1 150w, https:\/\/i1.wp.com\/www.interaccionnoticias.com.mx\/wp-content\/uploads\/2025\/01\/250127-Silvia-Rivera-Carbajal-2-1024x683.jpg?ssl=1&w=240&resize=240&ssl=1 240w, https:\/\/i1.wp.com\/www.interaccionnoticias.com.mx\/wp-content\/uploads\/2025\/01\/250127-Silvia-Rivera-Carbajal-2-1024x683.jpg?ssl=1&w=320&resize=320&ssl=1 320w, https:\/\/i1.wp.com\/www.interaccionnoticias.com.mx\/wp-content\/uploads\/2025\/01\/250127-Silvia-Rivera-Carbajal-2-1024x683.jpg?ssl=1&w=500&resize=500&ssl=1 500w, https:\/\/i1.wp.com\/www.interaccionnoticias.com.mx\/wp-content\/uploads\/2025\/01\/250127-Silvia-Rivera-Carbajal-2-1024x683.jpg?ssl=1&w=640&resize=640&ssl=1 640w, https:\/\/i1.wp.com\/www.interaccionnoticias.com.mx\/wp-content\/uploads\/2025\/01\/250127-Silvia-Rivera-Carbajal-2-1024x683.jpg?ssl=1&w=800&resize=800&ssl=1 800w, https:\/\/i1.wp.com\/www.interaccionnoticias.com.mx\/wp-content\/uploads\/2025\/01\/250127-Silvia-Rivera-Carbajal-2-1024x683.jpg?ssl=1&w=1024&resize=1024&ssl=1 1024w, https:\/\/i1.wp.com\/www.interaccionnoticias.com.mx\/wp-content\/uploads\/2025\/01\/250127-Silvia-Rivera-Carbajal-2-1024x683.jpg?ssl=1&w=1280&resize=1280&ssl=1 1280w, https:\/\/i1.wp.com\/www.interaccionnoticias.com.mx\/wp-content\/uploads\/2025\/01\/250127-Silvia-Rivera-Carbajal-2-1024x683.jpg?ssl=1&w=1600&resize=1600&ssl=1 1600w\" data-id=\"86878\" fifu-data-src=\"https:\/\/i1.wp.com\/www.interaccionnoticias.com.mx\/wp-content\/uploads\/2025\/01\/250127-Silvia-Rivera-Carbajal-2-1024x683.jpg?ssl=1\" alt=\"\" class=\"wp-image-86878\"\/><\/figure>\n\n\n\n<figure class=\"wp-block-image size-large\"><img decoding=\"async\" src=\"data:image\/gif;base64,R0lGODlhAQABAIAAAAAAAP\/\/\/ywAAAAAAQABAAACAUwAOw==\" fifu-lazy=\"1\" fifu-data-sizes=\"auto\" fifu-data-srcset=\"https:\/\/i2.wp.com\/www.interaccionnoticias.com.mx\/wp-content\/uploads\/2025\/01\/250127-Silvia-Rivera-Carbajal-1-1024x683.jpg?ssl=1&w=75&resize=75&ssl=1 75w, https:\/\/i2.wp.com\/www.interaccionnoticias.com.mx\/wp-content\/uploads\/2025\/01\/250127-Silvia-Rivera-Carbajal-1-1024x683.jpg?ssl=1&w=100&resize=100&ssl=1 100w, https:\/\/i2.wp.com\/www.interaccionnoticias.com.mx\/wp-content\/uploads\/2025\/01\/250127-Silvia-Rivera-Carbajal-1-1024x683.jpg?ssl=1&w=150&resize=150&ssl=1 150w, https:\/\/i2.wp.com\/www.interaccionnoticias.com.mx\/wp-content\/uploads\/2025\/01\/250127-Silvia-Rivera-Carbajal-1-1024x683.jpg?ssl=1&w=240&resize=240&ssl=1 240w, https:\/\/i2.wp.com\/www.interaccionnoticias.com.mx\/wp-content\/uploads\/2025\/01\/250127-Silvia-Rivera-Carbajal-1-1024x683.jpg?ssl=1&w=320&resize=320&ssl=1 320w, https:\/\/i2.wp.com\/www.interaccionnoticias.com.mx\/wp-content\/uploads\/2025\/01\/250127-Silvia-Rivera-Carbajal-1-1024x683.jpg?ssl=1&w=500&resize=500&ssl=1 500w, https:\/\/i2.wp.com\/www.interaccionnoticias.com.mx\/wp-content\/uploads\/2025\/01\/250127-Silvia-Rivera-Carbajal-1-1024x683.jpg?ssl=1&w=640&resize=640&ssl=1 640w, https:\/\/i2.wp.com\/www.interaccionnoticias.com.mx\/wp-content\/uploads\/2025\/01\/250127-Silvia-Rivera-Carbajal-1-1024x683.jpg?ssl=1&w=800&resize=800&ssl=1 800w, https:\/\/i2.wp.com\/www.interaccionnoticias.com.mx\/wp-content\/uploads\/2025\/01\/250127-Silvia-Rivera-Carbajal-1-1024x683.jpg?ssl=1&w=1024&resize=1024&ssl=1 1024w, https:\/\/i2.wp.com\/www.interaccionnoticias.com.mx\/wp-content\/uploads\/2025\/01\/250127-Silvia-Rivera-Carbajal-1-1024x683.jpg?ssl=1&w=1280&resize=1280&ssl=1 1280w, https:\/\/i2.wp.com\/www.interaccionnoticias.com.mx\/wp-content\/uploads\/2025\/01\/250127-Silvia-Rivera-Carbajal-1-1024x683.jpg?ssl=1&w=1600&resize=1600&ssl=1 1600w\" data-id=\"86879\" fifu-data-src=\"https:\/\/i2.wp.com\/www.interaccionnoticias.com.mx\/wp-content\/uploads\/2025\/01\/250127-Silvia-Rivera-Carbajal-1-1024x683.jpg?ssl=1\" alt=\"\" class=\"wp-image-86879\"\/><\/figure>\n<\/figure>\n","protected":false},"excerpt":{"rendered":"<p>&#8212; \u201cEstamos preparados para ayudar a quienes sean deportados: Silvia Rivera Rosario Garc\u00eda Orozco A Guerrero no han llegado personas deportadas de Estados Unidos, asegur\u00f3 la secretaria del Migrante y&hellip; <\/p>\n","protected":false},"author":14,"featured_media":86879,"comment_status":"open","ping_status":"open","sticky":false,"template":"","format":"standard","meta":{"fifu_image_url":"","fifu_image_alt":"","footnotes":""},"categories":[11],"tags":[],"class_list":["post-86877","post","type-post","status-publish","format-standard","has-post-thumbnail","hentry","category-guerrero"],"_links":{"self":[{"href":"https:\/\/www.interaccionnoticias.com.mx\/index.php?rest_route=\/wp\/v2\/posts\/86877","targetHints":{"allow":["GET"]}}],"collection":[{"href":"https:\/\/www.interaccionnoticias.com.mx\/index.php?rest_route=\/wp\/v2\/posts"}],"about":[{"href":"https:\/\/www.interaccionnoticias.com.mx\/index.php?rest_route=\/wp\/v2\/types\/post"}],"author":[{"embeddable":true,"href":"https:\/\/www.interaccionnoticias.com.mx\/index.php?rest_route=\/wp\/v2\/users\/14"}],"replies":[{"embeddable":true,"href":"https:\/\/www.interaccionnoticias.com.mx\/index.php?rest_route=%2Fwp%2Fv2%2Fcomments&post=86877"}],"version-history":[{"count":2,"href":"https:\/\/www.interaccionnoticias.com.mx\/index.php?rest_route=\/wp\/v2\/posts\/86877\/revisions"}],"predecessor-version":[{"id":86881,"href":"https:\/\/www.interaccionnoticias.com.mx\/index.php?rest_route=\/wp\/v2\/posts\/86877\/revisions\/86881"}],"wp:featuredmedia":[{"embeddable":true,"href":"https:\/\/www.interaccionnoticias.com.mx\/index.php?rest_route=\/wp\/v2\/media\/86879"}],"wp:attachment":[{"href":"https:\/\/www.interaccionnoticias.com.mx\/index.php?rest_route=%2Fwp%2Fv2%2Fmedia&parent=86877"}],"wp:term":[{"taxonomy":"category","embeddable":true,"href":"https:\/\/www.interaccionnoticias.com.mx\/index.php?rest_route=%2Fwp%2Fv2%2Fcategories&post=86877"},{"taxonomy":"post_tag","embeddable":true,"href":"https:\/\/www.interaccionnoticias.com.mx\/index.php?rest_route=%2Fwp%2Fv2%2Ftags&post=86877"}],"curies":[{"name":"wp","href":"https:\/\/api.w.org\/{rel}","templated":true}]}}