{"id":86871,"date":"2025-01-27T15:15:16","date_gmt":"2025-01-27T21:15:16","guid":{"rendered":"https:\/\/www.interaccionnoticias.com.mx\/?p=86871"},"modified":"2025-01-27T15:16:17","modified_gmt":"2025-01-27T21:16:17","slug":"cabanas-felices-impulsadas-por-felix-salgado","status":"publish","type":"post","link":"https:\/\/www.interaccionnoticias.com.mx\/?p=86871","title":{"rendered":"\u201cCaba\u00f1as felices\u201d impulsadas por F\u00e9lix Salgado Macedonio generan pol\u00e9mica en redes sociales"},"content":{"rendered":"\n<p><strong><em>&#8212; Se trata de habitaciones de madera, que no est\u00e1n completamente cerradas y donde ya se alojan personas que se encontraban en situaci\u00f3n de calle<br>&#8212; Las primeras en utilizarlas, son damnificadas del hurac\u00e1n John, a las que el hurac\u00e1n les quit\u00f3 todo su patrimonio<br>&#8212; En redes sociales lo critican, ya que no representan un refugio seguro ante las bajas temperaturas, algunos compararon las caba\u00f1as con gallineros<\/em><\/strong><\/p>\n\n\n\n<p><strong>Yasm\u00edn Garc\u00eda<\/strong><\/p>\n\n\n\n<p>\u201cCaba\u00f1as felices\u201d, un proyecto impulsado por el senador F\u00e9lix Salgado Macedonio para recibir a personas que se encuentran en situaci\u00f3n de calle, desataron una intensa pol\u00e9mica en redes sociales, ya que desde la perspectiva de varios usuarios, dichas construcciones no representan una verdadera protecci\u00f3n ante las bajas temperaturas que actualmente se registran en el pa\u00eds.<\/p>\n\n\n\n<p>Se trata de peque\u00f1as construcciones de madera y l\u00e1mina, ubicadas en la colonia La Floresta de Chilpancingo, utilizadas para personas que actualmente se encuentran en situaci\u00f3n de calle, entre ellas algunos damnificados por el hurac\u00e1n John.<\/p>\n\n\n\n<p>En una transmisi\u00f3n en vivo en su Facebook personal, F\u00e9lix Salgado presumi\u00f3 la construcci\u00f3n de cinco cuartos de escasos metros de largo y ancho, el techo de lamina tipo teja, y las paredes de madera, mientras que el piso es de tierra.<\/p>\n\n\n\n<p>En la transmisi\u00f3n realizada desde su perfil de Facebook, se observar a un grupo de personas que corean el nombre del representante popular, mientras que \u00e9l pregunta a cuatro mujeres, tres de ellas adultas mayores, s\u00ed est\u00e1n contentas con las caba\u00f1as que se les asignaron, ya que ahora vivir\u00e1n ah\u00ed.<\/p>\n\n\n\n<p>\u00abYa pues est\u00e1n las primeras cuatro, cinco son cinco caba\u00f1as que hay aqu\u00ed, y est\u00e1n las cinco primeras personas que las van a ocupar, estaban en un refugio en (la colonia) Pino Suarez, con el hurac\u00e1n John se les fue todo y no tienen nada, aqu\u00ed van a tener su caba\u00f1ita\u201d, se\u00f1ala Salgado Macedonio mientras muestra la construcci\u00f3n habilitada en la parte norte de la ciudad, en un terreno recientemente habilitado para ocuparse.<\/p>\n\n\n\n<p>Las beneficiarias de las caba\u00f1itas le agradecen el espacio, recuerdan que estaban en una circunstancia dif\u00edcil, provocada por los huracanes y se refieren a \u00e9l como un hombre de buen coraz\u00f3n.<\/p>\n\n\n\n<p>El usuario de Facebook, Paul Casiano, escribi\u00f3 con iron\u00eda: \u00abse nota la inversi\u00f3n en esa caba\u00f1a ecol\u00f3gica, luz natural que entra por enfrente y por atr\u00e1s. Captaci\u00f3n de agua al escurrir por la ca\u00edda de lamina, madera reciclada de las cajas de fruta, pintura de aceite de la misma que se utiliza en las carreteras, ahorro de escaleras se nota que invirti\u00f3 en los planos de esas caba\u00f1as\u00bb.<\/p>\n\n\n\n<p>Durante la transmisi\u00f3n, llega un hombre cargando un colch\u00f3n individual, m\u00e1s atr\u00e1s se observa a otros colocando una base de madera para cama, la cual colocan en uno de los cuartos.<\/p>\n\n\n\n<p>Salgado Macedonio se comprometi\u00f3 a tenerlas equipadas dentro de ocho d\u00edas, con camas, colchas y cocina.<\/p>\n\n\n\n<p>Explic\u00f3 que en otro espacio vivir\u00e1 una familia de siete integrantes, \u00abtiene aire acondicionado, piso de duela, ba\u00f1o, televisor, cama\u00bb, refiere.<\/p>\n\n\n\n<p>La usuaria Anna escribi\u00f3, \u00abponte a vivir tu ah\u00ed a ver si aguantas\u00bb.<\/p>\n\n\n\n<p>Algunos otros usuarios opinaron que no son aptas para vivir ah\u00ed y compararon las caba\u00f1as con gallineros.<\/p>\n\n\n\n<p>\u00abQue barbaridad con esas caba\u00f1as m\u00e1s bien parecen casas donde duermen los pollos\u00bb, escribi\u00f3 Mercedes Panoplos.<\/p>\n\n\n\n<p>La pol\u00e9mica sigue en el inicio de la semana, el espacio en que se construyeron las peque\u00f1as caba\u00f1as de madera se encuentra en el sector norte de la capital de Guerrero, hasta donde las familias pueden llegar para observar la forma en que se atienden a las personas que llegan para solicitar alg\u00fan tipo de apoyo.<\/p>\n\n\n\n<figure class=\"wp-block-image size-large\"><img decoding=\"async\" src=\"data:image\/gif;base64,R0lGODlhAQABAIAAAAAAAP\/\/\/ywAAAAAAQABAAACAUwAOw==\" fifu-lazy=\"1\" fifu-data-sizes=\"auto\" fifu-data-srcset=\"https:\/\/i3.wp.com\/www.interaccionnoticias.com.mx\/wp-content\/uploads\/2025\/01\/250127-Cabanas-felices-2-1024x683.jpg?ssl=1&w=75&resize=75&ssl=1 75w, https:\/\/i3.wp.com\/www.interaccionnoticias.com.mx\/wp-content\/uploads\/2025\/01\/250127-Cabanas-felices-2-1024x683.jpg?ssl=1&w=100&resize=100&ssl=1 100w, https:\/\/i3.wp.com\/www.interaccionnoticias.com.mx\/wp-content\/uploads\/2025\/01\/250127-Cabanas-felices-2-1024x683.jpg?ssl=1&w=150&resize=150&ssl=1 150w, https:\/\/i3.wp.com\/www.interaccionnoticias.com.mx\/wp-content\/uploads\/2025\/01\/250127-Cabanas-felices-2-1024x683.jpg?ssl=1&w=240&resize=240&ssl=1 240w, https:\/\/i3.wp.com\/www.interaccionnoticias.com.mx\/wp-content\/uploads\/2025\/01\/250127-Cabanas-felices-2-1024x683.jpg?ssl=1&w=320&resize=320&ssl=1 320w, https:\/\/i3.wp.com\/www.interaccionnoticias.com.mx\/wp-content\/uploads\/2025\/01\/250127-Cabanas-felices-2-1024x683.jpg?ssl=1&w=500&resize=500&ssl=1 500w, https:\/\/i3.wp.com\/www.interaccionnoticias.com.mx\/wp-content\/uploads\/2025\/01\/250127-Cabanas-felices-2-1024x683.jpg?ssl=1&w=640&resize=640&ssl=1 640w, https:\/\/i3.wp.com\/www.interaccionnoticias.com.mx\/wp-content\/uploads\/2025\/01\/250127-Cabanas-felices-2-1024x683.jpg?ssl=1&w=800&resize=800&ssl=1 800w, https:\/\/i3.wp.com\/www.interaccionnoticias.com.mx\/wp-content\/uploads\/2025\/01\/250127-Cabanas-felices-2-1024x683.jpg?ssl=1&w=1024&resize=1024&ssl=1 1024w, https:\/\/i3.wp.com\/www.interaccionnoticias.com.mx\/wp-content\/uploads\/2025\/01\/250127-Cabanas-felices-2-1024x683.jpg?ssl=1&w=1280&resize=1280&ssl=1 1280w, https:\/\/i3.wp.com\/www.interaccionnoticias.com.mx\/wp-content\/uploads\/2025\/01\/250127-Cabanas-felices-2-1024x683.jpg?ssl=1&w=1600&resize=1600&ssl=1 1600w\" fifu-data-src=\"https:\/\/i3.wp.com\/www.interaccionnoticias.com.mx\/wp-content\/uploads\/2025\/01\/250127-Cabanas-felices-2-1024x683.jpg?ssl=1\" alt=\"\" class=\"wp-image-86873\"\/><\/figure>\n","protected":false},"excerpt":{"rendered":"<p>&#8212; Se trata de habitaciones de madera, que no est\u00e1n completamente cerradas y donde ya se alojan personas que se encontraban en situaci\u00f3n de calle&#8212; Las primeras en utilizarlas, son&hellip; <\/p>\n","protected":false},"author":32,"featured_media":86872,"comment_status":"open","ping_status":"open","sticky":false,"template":"","format":"standard","meta":{"fifu_image_url":"","fifu_image_alt":"","footnotes":""},"categories":[11],"tags":[],"class_list":["post-86871","post","type-post","status-publish","format-standard","has-post-thumbnail","hentry","category-guerrero"],"_links":{"self":[{"href":"https:\/\/www.interaccionnoticias.com.mx\/index.php?rest_route=\/wp\/v2\/posts\/86871","targetHints":{"allow":["GET"]}}],"collection":[{"href":"https:\/\/www.interaccionnoticias.com.mx\/index.php?rest_route=\/wp\/v2\/posts"}],"about":[{"href":"https:\/\/www.interaccionnoticias.com.mx\/index.php?rest_route=\/wp\/v2\/types\/post"}],"author":[{"embeddable":true,"href":"https:\/\/www.interaccionnoticias.com.mx\/index.php?rest_route=\/wp\/v2\/users\/32"}],"replies":[{"embeddable":true,"href":"https:\/\/www.interaccionnoticias.com.mx\/index.php?rest_route=%2Fwp%2Fv2%2Fcomments&post=86871"}],"version-history":[{"count":2,"href":"https:\/\/www.interaccionnoticias.com.mx\/index.php?rest_route=\/wp\/v2\/posts\/86871\/revisions"}],"predecessor-version":[{"id":86875,"href":"https:\/\/www.interaccionnoticias.com.mx\/index.php?rest_route=\/wp\/v2\/posts\/86871\/revisions\/86875"}],"wp:featuredmedia":[{"embeddable":true,"href":"https:\/\/www.interaccionnoticias.com.mx\/index.php?rest_route=\/wp\/v2\/media\/86872"}],"wp:attachment":[{"href":"https:\/\/www.interaccionnoticias.com.mx\/index.php?rest_route=%2Fwp%2Fv2%2Fmedia&parent=86871"}],"wp:term":[{"taxonomy":"category","embeddable":true,"href":"https:\/\/www.interaccionnoticias.com.mx\/index.php?rest_route=%2Fwp%2Fv2%2Fcategories&post=86871"},{"taxonomy":"post_tag","embeddable":true,"href":"https:\/\/www.interaccionnoticias.com.mx\/index.php?rest_route=%2Fwp%2Fv2%2Ftags&post=86871"}],"curies":[{"name":"wp","href":"https:\/\/api.w.org\/{rel}","templated":true}]}}