{"id":86844,"date":"2025-01-27T10:10:00","date_gmt":"2025-01-27T16:10:00","guid":{"rendered":"https:\/\/www.interaccionnoticias.com.mx\/?p=86844"},"modified":"2025-01-27T11:29:01","modified_gmt":"2025-01-27T17:29:01","slug":"protestan-en-el-crea","status":"publish","type":"post","link":"https:\/\/www.interaccionnoticias.com.mx\/?p=86844","title":{"rendered":"Protestan usuarios en la Unidad Deportiva CREA, exigen su reapertura"},"content":{"rendered":"\n<p><strong><em>&#8212; Silvestre Soto Contreras, representante del club de Karate Kundo Lama, pidi\u00f3 la intervenci\u00f3n de la gobernadora de Guerrero Evelyn Salgado Pineda para la reapertura del CREA ya que cumplieron un a\u00f1o y seis meses cerradas al p\u00fablico<\/em><\/strong><\/p>\n\n\n\n<p><strong>Yasm\u00edn Garc\u00eda<\/strong><\/p>\n\n\n\n<p>Un grupo de usuarios de la Unidad Deportiva CREA protestaron en la entrada principal para exigir la reapertura de este espacio.<\/p>\n\n\n\n<p>Maya Carreto usuaria de la pista de atletismo relat\u00f3 que debido al cierre ha tenido que realizar sus ejercicios en la calle exponi\u00e9ndose a que sea arrollada por un automovilista.<\/p>\n\n\n\n<p>Mencion\u00f3 que su hijo de 10 a\u00f1os acudia a nataci\u00f3n, y ahora ha tenido que buscar otros espacios lo que le ha generado un mayor gasto econ\u00f3mico.<\/p>\n\n\n\n<p>Lament\u00f3 que la directora del Instituto del Deporte de Guerrero (INDEG), Alma Roc\u00edo L\u00f3pez Bello no atienda su petici\u00f3n, ya que les ha comentado que realizar\u00e1n labores de mantenimiento pero no es as\u00ed.<\/p>\n\n\n\n<p>\u00abLas instalaciones quedaron cerradas, dice que van a iniciar labores de mantenimiento pero no vemos a nadie pedimos que se reaperture como deportistas venimos a hacer ejercicio a correr es un espacio dedicado para actividades f\u00edsicas y que sea una sociedad sana\u00bb, dijo Maya Carreto.<\/p>\n\n\n\n<p>Silvestre Soto Contreras, representante del club de Karate Kundo Lama, pidi\u00f3 la intervenci\u00f3n de la gobernadora de Guerrero Evelyn Salgado Pineda para la reapertura del CREA ya que cumplieron un a\u00f1o y seis meses cerradas al p\u00fablico.<\/p>\n\n\n\n<p>En Octubre del 2023 tras el paso del hurac\u00e1n Otis, las intalaciones de la Unidad fueron ocupadas por servidores de la naci\u00f3n, que se trasladaban al puerto de Acapulco, continuaron su estancia ante el paso del hurac\u00e1n John en septiembre del 2024.<\/p>\n\n\n\n<p>Los servidores de la naci\u00f3n abandonaron el inmueble en diciembre del a\u00f1o pasado.<\/p>\n\n\n\n<figure class=\"wp-block-image size-large\"><img decoding=\"async\" src=\"data:image\/gif;base64,R0lGODlhAQABAIAAAAAAAP\/\/\/ywAAAAAAQABAAACAUwAOw==\" fifu-lazy=\"1\" fifu-data-sizes=\"auto\" fifu-data-srcset=\"https:\/\/i2.wp.com\/www.interaccionnoticias.com.mx\/wp-content\/uploads\/2025\/01\/250127-Protestan-CREA-3-1024x683.jpg?ssl=1&w=75&resize=75&ssl=1 75w, https:\/\/i2.wp.com\/www.interaccionnoticias.com.mx\/wp-content\/uploads\/2025\/01\/250127-Protestan-CREA-3-1024x683.jpg?ssl=1&w=100&resize=100&ssl=1 100w, https:\/\/i2.wp.com\/www.interaccionnoticias.com.mx\/wp-content\/uploads\/2025\/01\/250127-Protestan-CREA-3-1024x683.jpg?ssl=1&w=150&resize=150&ssl=1 150w, https:\/\/i2.wp.com\/www.interaccionnoticias.com.mx\/wp-content\/uploads\/2025\/01\/250127-Protestan-CREA-3-1024x683.jpg?ssl=1&w=240&resize=240&ssl=1 240w, https:\/\/i2.wp.com\/www.interaccionnoticias.com.mx\/wp-content\/uploads\/2025\/01\/250127-Protestan-CREA-3-1024x683.jpg?ssl=1&w=320&resize=320&ssl=1 320w, https:\/\/i2.wp.com\/www.interaccionnoticias.com.mx\/wp-content\/uploads\/2025\/01\/250127-Protestan-CREA-3-1024x683.jpg?ssl=1&w=500&resize=500&ssl=1 500w, https:\/\/i2.wp.com\/www.interaccionnoticias.com.mx\/wp-content\/uploads\/2025\/01\/250127-Protestan-CREA-3-1024x683.jpg?ssl=1&w=640&resize=640&ssl=1 640w, https:\/\/i2.wp.com\/www.interaccionnoticias.com.mx\/wp-content\/uploads\/2025\/01\/250127-Protestan-CREA-3-1024x683.jpg?ssl=1&w=800&resize=800&ssl=1 800w, https:\/\/i2.wp.com\/www.interaccionnoticias.com.mx\/wp-content\/uploads\/2025\/01\/250127-Protestan-CREA-3-1024x683.jpg?ssl=1&w=1024&resize=1024&ssl=1 1024w, https:\/\/i2.wp.com\/www.interaccionnoticias.com.mx\/wp-content\/uploads\/2025\/01\/250127-Protestan-CREA-3-1024x683.jpg?ssl=1&w=1280&resize=1280&ssl=1 1280w, https:\/\/i2.wp.com\/www.interaccionnoticias.com.mx\/wp-content\/uploads\/2025\/01\/250127-Protestan-CREA-3-1024x683.jpg?ssl=1&w=1600&resize=1600&ssl=1 1600w\" fifu-data-src=\"https:\/\/i2.wp.com\/www.interaccionnoticias.com.mx\/wp-content\/uploads\/2025\/01\/250127-Protestan-CREA-3-1024x683.jpg?ssl=1\" alt=\"\" class=\"wp-image-86847\"\/><\/figure>\n","protected":false},"excerpt":{"rendered":"<p>&#8212; Silvestre Soto Contreras, representante del club de Karate Kundo Lama, pidi\u00f3 la intervenci\u00f3n de la gobernadora de Guerrero Evelyn Salgado Pineda para la reapertura del CREA ya que cumplieron&hellip; <\/p>\n","protected":false},"author":32,"featured_media":86845,"comment_status":"open","ping_status":"open","sticky":false,"template":"","format":"standard","meta":{"fifu_image_url":"","fifu_image_alt":"","footnotes":""},"categories":[243],"tags":[],"class_list":["post-86844","post","type-post","status-publish","format-standard","has-post-thumbnail","hentry","category-deportes"],"_links":{"self":[{"href":"https:\/\/www.interaccionnoticias.com.mx\/index.php?rest_route=\/wp\/v2\/posts\/86844","targetHints":{"allow":["GET"]}}],"collection":[{"href":"https:\/\/www.interaccionnoticias.com.mx\/index.php?rest_route=\/wp\/v2\/posts"}],"about":[{"href":"https:\/\/www.interaccionnoticias.com.mx\/index.php?rest_route=\/wp\/v2\/types\/post"}],"author":[{"embeddable":true,"href":"https:\/\/www.interaccionnoticias.com.mx\/index.php?rest_route=\/wp\/v2\/users\/32"}],"replies":[{"embeddable":true,"href":"https:\/\/www.interaccionnoticias.com.mx\/index.php?rest_route=%2Fwp%2Fv2%2Fcomments&post=86844"}],"version-history":[{"count":2,"href":"https:\/\/www.interaccionnoticias.com.mx\/index.php?rest_route=\/wp\/v2\/posts\/86844\/revisions"}],"predecessor-version":[{"id":86849,"href":"https:\/\/www.interaccionnoticias.com.mx\/index.php?rest_route=\/wp\/v2\/posts\/86844\/revisions\/86849"}],"wp:featuredmedia":[{"embeddable":true,"href":"https:\/\/www.interaccionnoticias.com.mx\/index.php?rest_route=\/wp\/v2\/media\/86845"}],"wp:attachment":[{"href":"https:\/\/www.interaccionnoticias.com.mx\/index.php?rest_route=%2Fwp%2Fv2%2Fmedia&parent=86844"}],"wp:term":[{"taxonomy":"category","embeddable":true,"href":"https:\/\/www.interaccionnoticias.com.mx\/index.php?rest_route=%2Fwp%2Fv2%2Fcategories&post=86844"},{"taxonomy":"post_tag","embeddable":true,"href":"https:\/\/www.interaccionnoticias.com.mx\/index.php?rest_route=%2Fwp%2Fv2%2Ftags&post=86844"}],"curies":[{"name":"wp","href":"https:\/\/api.w.org\/{rel}","templated":true}]}}