{"id":86833,"date":"2025-01-26T19:34:11","date_gmt":"2025-01-27T01:34:11","guid":{"rendered":"https:\/\/www.interaccionnoticias.com.mx\/?p=86833"},"modified":"2025-01-26T19:35:42","modified_gmt":"2025-01-27T01:35:42","slug":"localizan-a-indigena-de-metlatonoc","status":"publish","type":"post","link":"https:\/\/www.interaccionnoticias.com.mx\/?p=86833","title":{"rendered":"Vivo, localizan a ind\u00edgena de Metlat\u00f3noc, estuvo tres a\u00f1os desaparecido"},"content":{"rendered":"\n<p><em><strong>&#8212; El colectivo Guerrero No+ Desaparecidos brind\u00f3 acompa\u00f1amiento a la familia de Adolfo Jacinto Apolinar, localizado en el estado de Morelos<\/strong><\/em><\/p>\n\n\n\n<p><strong>Yasm\u00edn Garc\u00eda<\/strong><\/p>\n\n\n\n<p>El colectivo Guerrero No m\u00e1s desaparecidos acompa\u00f1\u00f3 el reencuentro de Adolfo Jacinto Apolinar, un ind\u00edgena originario de Metlat\u00f3noc, que durante m\u00e1s de tres a\u00f1os permaneci\u00f3 en calidad de desaparecido y que fue localizado con vida.<\/p>\n\n\n\n<p>Jacinto Apolinar en nativo de Chilixtlahuaca, municipio de Metlat\u00f3noc, en la parte alta de la region Monta\u00f1a.<\/p>\n\n\n\n<p>La semana pasada, la asociaci\u00f3n \u201cCaminando por las Calles\u201d p\u00fablico en sus redes sociales un video en el que aparece a cuadro Adolfo Jacinto, manifest\u00f3 a cuadro que era originario de Metlat\u00f3noc y que ya quer\u00eda regresar con su familia.<\/p>\n\n\n\n<p>Los integrantes del Colectivo Guerrero No+ Desaparecidos se contactaron con dicha asociaci\u00f3n, luego brindaron el acompa\u00f1amiento a la familia de Jacinto y lograron contactarlos.<\/p>\n\n\n\n<p>Ellos se trasladaron hasta Atlatlahuc\u00e1n, estado de Morelos, en donde fue Adolfo se reencontr\u00f3 con su madre y una hermana.<\/p>\n\n\n\n<p>En la exposici\u00f3n de los detalles, se se\u00f1ala que Adolfo<\/p>\n\n\n\n<p>Jacinto Apolinar despareci\u00f3 en 2022, fue visto por \u00faltima vez en el estado de Michoac\u00e1n pero se perdi\u00f3 su pista.<\/p>\n\n\n\n<p>Indic\u00f3 que durante los \u00faltimos a\u00f1os dorm\u00eda en las calles de Atlatlahucan y presentaba golpes severos en la cabeza.<\/p>\n\n\n\n<p>El Colectivo Guerrero No+ Desaparecidos agradeci\u00f3 el apoyo de la poblaci\u00f3n y de las organizaciones para dar con el paradero de Jacinto, que ya est\u00e1 de regreso con su familia.<\/p>\n\n\n\n<div class=\"wp-block-jetpack-slideshow aligncenter\" data-effect=\"slide\"><div class=\"wp-block-jetpack-slideshow_container swiper-container\"><ul class=\"wp-block-jetpack-slideshow_swiper-wrapper swiper-wrapper\"><li class=\"wp-block-jetpack-slideshow_slide swiper-slide\"><figure><img decoding=\"async\" src=\"data:image\/gif;base64,R0lGODlhAQABAIAAAAAAAP\/\/\/ywAAAAAAQABAAACAUwAOw==\" fifu-lazy=\"1\" fifu-data-sizes=\"auto\" fifu-data-srcset=\"https:\/\/i2.wp.com\/www.interaccionnoticias.com.mx\/wp-content\/uploads\/2025\/01\/250126-Adolfo-Jacinto-Apolinar-1-1024x683.jpg?ssl=1&w=75&resize=75&ssl=1 75w, https:\/\/i2.wp.com\/www.interaccionnoticias.com.mx\/wp-content\/uploads\/2025\/01\/250126-Adolfo-Jacinto-Apolinar-1-1024x683.jpg?ssl=1&w=100&resize=100&ssl=1 100w, https:\/\/i2.wp.com\/www.interaccionnoticias.com.mx\/wp-content\/uploads\/2025\/01\/250126-Adolfo-Jacinto-Apolinar-1-1024x683.jpg?ssl=1&w=150&resize=150&ssl=1 150w, https:\/\/i2.wp.com\/www.interaccionnoticias.com.mx\/wp-content\/uploads\/2025\/01\/250126-Adolfo-Jacinto-Apolinar-1-1024x683.jpg?ssl=1&w=240&resize=240&ssl=1 240w, https:\/\/i2.wp.com\/www.interaccionnoticias.com.mx\/wp-content\/uploads\/2025\/01\/250126-Adolfo-Jacinto-Apolinar-1-1024x683.jpg?ssl=1&w=320&resize=320&ssl=1 320w, https:\/\/i2.wp.com\/www.interaccionnoticias.com.mx\/wp-content\/uploads\/2025\/01\/250126-Adolfo-Jacinto-Apolinar-1-1024x683.jpg?ssl=1&w=500&resize=500&ssl=1 500w, https:\/\/i2.wp.com\/www.interaccionnoticias.com.mx\/wp-content\/uploads\/2025\/01\/250126-Adolfo-Jacinto-Apolinar-1-1024x683.jpg?ssl=1&w=640&resize=640&ssl=1 640w, https:\/\/i2.wp.com\/www.interaccionnoticias.com.mx\/wp-content\/uploads\/2025\/01\/250126-Adolfo-Jacinto-Apolinar-1-1024x683.jpg?ssl=1&w=800&resize=800&ssl=1 800w, https:\/\/i2.wp.com\/www.interaccionnoticias.com.mx\/wp-content\/uploads\/2025\/01\/250126-Adolfo-Jacinto-Apolinar-1-1024x683.jpg?ssl=1&w=1024&resize=1024&ssl=1 1024w, https:\/\/i2.wp.com\/www.interaccionnoticias.com.mx\/wp-content\/uploads\/2025\/01\/250126-Adolfo-Jacinto-Apolinar-1-1024x683.jpg?ssl=1&w=1280&resize=1280&ssl=1 1280w, https:\/\/i2.wp.com\/www.interaccionnoticias.com.mx\/wp-content\/uploads\/2025\/01\/250126-Adolfo-Jacinto-Apolinar-1-1024x683.jpg?ssl=1&w=1600&resize=1600&ssl=1 1600w\" alt=\"\" class=\"wp-block-jetpack-slideshow_image wp-image-86835\" data-id=\"86835\" fifu-data-src=\"https:\/\/i2.wp.com\/www.interaccionnoticias.com.mx\/wp-content\/uploads\/2025\/01\/250126-Adolfo-Jacinto-Apolinar-1-1024x683.jpg?ssl=1\"\/><\/figure><\/li><li class=\"wp-block-jetpack-slideshow_slide swiper-slide\"><figure><img decoding=\"async\" src=\"data:image\/gif;base64,R0lGODlhAQABAIAAAAAAAP\/\/\/ywAAAAAAQABAAACAUwAOw==\" fifu-lazy=\"1\" fifu-data-sizes=\"auto\" fifu-data-srcset=\"https:\/\/i1.wp.com\/www.interaccionnoticias.com.mx\/wp-content\/uploads\/2025\/01\/250126-Adolfo-Jacinto-Apolinar-2-1024x683.jpg?ssl=1&w=75&resize=75&ssl=1 75w, https:\/\/i1.wp.com\/www.interaccionnoticias.com.mx\/wp-content\/uploads\/2025\/01\/250126-Adolfo-Jacinto-Apolinar-2-1024x683.jpg?ssl=1&w=100&resize=100&ssl=1 100w, https:\/\/i1.wp.com\/www.interaccionnoticias.com.mx\/wp-content\/uploads\/2025\/01\/250126-Adolfo-Jacinto-Apolinar-2-1024x683.jpg?ssl=1&w=150&resize=150&ssl=1 150w, https:\/\/i1.wp.com\/www.interaccionnoticias.com.mx\/wp-content\/uploads\/2025\/01\/250126-Adolfo-Jacinto-Apolinar-2-1024x683.jpg?ssl=1&w=240&resize=240&ssl=1 240w, https:\/\/i1.wp.com\/www.interaccionnoticias.com.mx\/wp-content\/uploads\/2025\/01\/250126-Adolfo-Jacinto-Apolinar-2-1024x683.jpg?ssl=1&w=320&resize=320&ssl=1 320w, https:\/\/i1.wp.com\/www.interaccionnoticias.com.mx\/wp-content\/uploads\/2025\/01\/250126-Adolfo-Jacinto-Apolinar-2-1024x683.jpg?ssl=1&w=500&resize=500&ssl=1 500w, https:\/\/i1.wp.com\/www.interaccionnoticias.com.mx\/wp-content\/uploads\/2025\/01\/250126-Adolfo-Jacinto-Apolinar-2-1024x683.jpg?ssl=1&w=640&resize=640&ssl=1 640w, https:\/\/i1.wp.com\/www.interaccionnoticias.com.mx\/wp-content\/uploads\/2025\/01\/250126-Adolfo-Jacinto-Apolinar-2-1024x683.jpg?ssl=1&w=800&resize=800&ssl=1 800w, https:\/\/i1.wp.com\/www.interaccionnoticias.com.mx\/wp-content\/uploads\/2025\/01\/250126-Adolfo-Jacinto-Apolinar-2-1024x683.jpg?ssl=1&w=1024&resize=1024&ssl=1 1024w, https:\/\/i1.wp.com\/www.interaccionnoticias.com.mx\/wp-content\/uploads\/2025\/01\/250126-Adolfo-Jacinto-Apolinar-2-1024x683.jpg?ssl=1&w=1280&resize=1280&ssl=1 1280w, https:\/\/i1.wp.com\/www.interaccionnoticias.com.mx\/wp-content\/uploads\/2025\/01\/250126-Adolfo-Jacinto-Apolinar-2-1024x683.jpg?ssl=1&w=1600&resize=1600&ssl=1 1600w\" alt=\"\" class=\"wp-block-jetpack-slideshow_image wp-image-86834\" data-id=\"86834\" fifu-data-src=\"https:\/\/i1.wp.com\/www.interaccionnoticias.com.mx\/wp-content\/uploads\/2025\/01\/250126-Adolfo-Jacinto-Apolinar-2-1024x683.jpg?ssl=1\"\/><\/figure><\/li><\/ul><a class=\"wp-block-jetpack-slideshow_button-prev swiper-button-prev swiper-button-white\" role=\"button\"><\/a><a class=\"wp-block-jetpack-slideshow_button-next swiper-button-next swiper-button-white\" role=\"button\"><\/a><a aria-label=\"Pause Slideshow\" class=\"wp-block-jetpack-slideshow_button-pause\" role=\"button\"><\/a><div class=\"wp-block-jetpack-slideshow_pagination swiper-pagination swiper-pagination-white\"><\/div><\/div><\/div>\n","protected":false},"excerpt":{"rendered":"<p>&#8212; El colectivo Guerrero No+ Desaparecidos brind\u00f3 acompa\u00f1amiento a la familia de Adolfo Jacinto Apolinar, localizado en el estado de Morelos Yasm\u00edn Garc\u00eda El colectivo Guerrero No m\u00e1s desaparecidos acompa\u00f1\u00f3&hellip; <\/p>\n","protected":false},"author":32,"featured_media":86834,"comment_status":"open","ping_status":"open","sticky":false,"template":"","format":"standard","meta":{"fifu_image_url":"","fifu_image_alt":"","footnotes":""},"categories":[247],"tags":[],"class_list":["post-86833","post","type-post","status-publish","format-standard","has-post-thumbnail","hentry","category-lo-has-visto"],"_links":{"self":[{"href":"https:\/\/www.interaccionnoticias.com.mx\/index.php?rest_route=\/wp\/v2\/posts\/86833","targetHints":{"allow":["GET"]}}],"collection":[{"href":"https:\/\/www.interaccionnoticias.com.mx\/index.php?rest_route=\/wp\/v2\/posts"}],"about":[{"href":"https:\/\/www.interaccionnoticias.com.mx\/index.php?rest_route=\/wp\/v2\/types\/post"}],"author":[{"embeddable":true,"href":"https:\/\/www.interaccionnoticias.com.mx\/index.php?rest_route=\/wp\/v2\/users\/32"}],"replies":[{"embeddable":true,"href":"https:\/\/www.interaccionnoticias.com.mx\/index.php?rest_route=%2Fwp%2Fv2%2Fcomments&post=86833"}],"version-history":[{"count":2,"href":"https:\/\/www.interaccionnoticias.com.mx\/index.php?rest_route=\/wp\/v2\/posts\/86833\/revisions"}],"predecessor-version":[{"id":86838,"href":"https:\/\/www.interaccionnoticias.com.mx\/index.php?rest_route=\/wp\/v2\/posts\/86833\/revisions\/86838"}],"wp:featuredmedia":[{"embeddable":true,"href":"https:\/\/www.interaccionnoticias.com.mx\/index.php?rest_route=\/wp\/v2\/media\/86834"}],"wp:attachment":[{"href":"https:\/\/www.interaccionnoticias.com.mx\/index.php?rest_route=%2Fwp%2Fv2%2Fmedia&parent=86833"}],"wp:term":[{"taxonomy":"category","embeddable":true,"href":"https:\/\/www.interaccionnoticias.com.mx\/index.php?rest_route=%2Fwp%2Fv2%2Fcategories&post=86833"},{"taxonomy":"post_tag","embeddable":true,"href":"https:\/\/www.interaccionnoticias.com.mx\/index.php?rest_route=%2Fwp%2Fv2%2Ftags&post=86833"}],"curies":[{"name":"wp","href":"https:\/\/api.w.org\/{rel}","templated":true}]}}