{"id":86830,"date":"2025-01-26T19:22:42","date_gmt":"2025-01-27T01:22:42","guid":{"rendered":"https:\/\/www.interaccionnoticias.com.mx\/?p=86830"},"modified":"2025-01-26T19:22:44","modified_gmt":"2025-01-27T01:22:44","slug":"colectivo-advierte-2025-podria-ser-el-ano-con-mas-desapariciones-de-personas","status":"publish","type":"post","link":"https:\/\/www.interaccionnoticias.com.mx\/?p=86830","title":{"rendered":"Colectivo advierte: 2025 podr\u00eda ser el a\u00f1o con m\u00e1s desapariciones de personas"},"content":{"rendered":"\n<p><strong><em>&#8212; La impunidad que disfrutan los perpetradores, causa de que el fen\u00f3men prevalezca<\/em><\/strong><\/p>\n\n\n\n<p><strong>Rogelio Agust\u00edn<\/strong><\/p>\n\n\n\n<p>El colectivo \u201cLupita Rodr\u00edguez\u201d advirti\u00f3 que 2025 se perfila como el a\u00f1o con m\u00e1s reportes de personas desaparecidas que 2024, entre otras cosas, por la impunidad que existe para los perpetradores de dicho delito.<\/p>\n\n\n\n<p>Carlos Molina, hijo de la se\u00f1ora Guadalupe Rodr\u00edguez Narciso y vocero del colectivo que lleva su nombre, se\u00f1al\u00f3 que durante los primeros tres meses de gesti\u00f3n del Gobierno de la Rep\u00fablica actual, los reportes sobre personas desaparecidas se incrementaron de manera importante.<\/p>\n\n\n\n<p>Explic\u00f3: \u201cEn 2023 desaparecieron a un promedio 8 mil personas, pero 2024 cerr\u00f3 con 13 mil, lo que establec\u00eda el promedio de una persona desaparecida cada hora\u201d.<\/p>\n\n\n\n<p>En lo que va de 2025, dijo que al revisar la cantidad de fichas de b\u00fasqueda que se emiten, se tiene una medici\u00f3n de tres personas desaparecidas cada dos horas en el pa\u00eds.<\/p>\n\n\n\n<p>\u201cSi las cosas siguen as\u00ed, 2025 se perfila como el a\u00f1o con m\u00e1s desapariciones respecto a los dos anteriores\u201d,dijo el representante.<\/p>\n\n\n\n<p>Entre las causas de que el fen\u00f3meno prevalezca, se encuentra el hecho de que no hay en los hechos una persecuci\u00f3n en contra de quienes cometen ese delito.<\/p>\n\n\n\n<p>\u201cLas personas que cometen la desaparici\u00f3n, lo hacen porque casi tienen la certeza de que no les va a pasar nada, que no habr\u00e1 consecuencia para ellos\u201d, anot\u00f3<\/p>\n\n\n\n<p>Mientras el problema de la desaparici\u00f3n crece, el vocero del colectivo \u201cLupita Rodr\u00edguez\u201d refiere que crece el problema de la saturaci\u00f3n de cad\u00e1veres en las instalciones forenses del pa\u00eds, ya que tampoco se ha trabajado para clasificar los cuerpos que no han sido identificados por sus familias.<\/p>\n\n\n\n<p>En el caso de Guerrero, dijo que se trabaja en la instalaci\u00f3n de un Centro de Resguardo con \u00e1reas muy espec\u00edficas para clasificar, pero lamentablemente se ha comenzado a trabajar sin el aporte de especialistas, lo que provoca que no haya un avance debidamente sistematizado.<\/p>\n","protected":false},"excerpt":{"rendered":"<p>&#8212; La impunidad que disfrutan los perpetradores, causa de que el fen\u00f3men prevalezca Rogelio Agust\u00edn El colectivo \u201cLupita Rodr\u00edguez\u201d advirti\u00f3 que 2025 se perfila como el a\u00f1o con m\u00e1s reportes&hellip; <\/p>\n","protected":false},"author":21,"featured_media":86831,"comment_status":"open","ping_status":"open","sticky":false,"template":"","format":"standard","meta":{"fifu_image_url":"","fifu_image_alt":"","footnotes":""},"categories":[15],"tags":[],"class_list":["post-86830","post","type-post","status-publish","format-standard","has-post-thumbnail","hentry","category-movimientos-sociales"],"_links":{"self":[{"href":"https:\/\/www.interaccionnoticias.com.mx\/index.php?rest_route=\/wp\/v2\/posts\/86830","targetHints":{"allow":["GET"]}}],"collection":[{"href":"https:\/\/www.interaccionnoticias.com.mx\/index.php?rest_route=\/wp\/v2\/posts"}],"about":[{"href":"https:\/\/www.interaccionnoticias.com.mx\/index.php?rest_route=\/wp\/v2\/types\/post"}],"author":[{"embeddable":true,"href":"https:\/\/www.interaccionnoticias.com.mx\/index.php?rest_route=\/wp\/v2\/users\/21"}],"replies":[{"embeddable":true,"href":"https:\/\/www.interaccionnoticias.com.mx\/index.php?rest_route=%2Fwp%2Fv2%2Fcomments&post=86830"}],"version-history":[{"count":1,"href":"https:\/\/www.interaccionnoticias.com.mx\/index.php?rest_route=\/wp\/v2\/posts\/86830\/revisions"}],"predecessor-version":[{"id":86832,"href":"https:\/\/www.interaccionnoticias.com.mx\/index.php?rest_route=\/wp\/v2\/posts\/86830\/revisions\/86832"}],"wp:featuredmedia":[{"embeddable":true,"href":"https:\/\/www.interaccionnoticias.com.mx\/index.php?rest_route=\/wp\/v2\/media\/86831"}],"wp:attachment":[{"href":"https:\/\/www.interaccionnoticias.com.mx\/index.php?rest_route=%2Fwp%2Fv2%2Fmedia&parent=86830"}],"wp:term":[{"taxonomy":"category","embeddable":true,"href":"https:\/\/www.interaccionnoticias.com.mx\/index.php?rest_route=%2Fwp%2Fv2%2Fcategories&post=86830"},{"taxonomy":"post_tag","embeddable":true,"href":"https:\/\/www.interaccionnoticias.com.mx\/index.php?rest_route=%2Fwp%2Fv2%2Ftags&post=86830"}],"curies":[{"name":"wp","href":"https:\/\/api.w.org\/{rel}","templated":true}]}}