{"id":8683,"date":"2017-09-29T15:01:39","date_gmt":"2017-09-29T20:01:39","guid":{"rendered":"http:\/\/www.inter-accion.com.mx\/?p=8683"},"modified":"2017-09-29T15:01:39","modified_gmt":"2017-09-29T20:01:39","slug":"aprueba-ine-convocatoria-para-elegir-consejero-presidente-del-iepc","status":"publish","type":"post","link":"https:\/\/www.interaccionnoticias.com.mx\/?p=8683","title":{"rendered":"Aprueba INE convocatoria para elegir consejero presidente del IEPC"},"content":{"rendered":"<p>El que supla a Marisela Reyes, podr\u00eda ser designado el pr\u00f3ximo 13 de diciembre<br \/>\nEl Consejo General del Instituto Nacional Electoral, aprob\u00f3 la emisi\u00f3n de una convocatoria para elegir al consejero presidente o presidenta del Instituto Electoral y de Participaci\u00f3n Ciudadana (IEPC).<br \/>\nEl consejero Jaime Rivera Vel\u00e1zquez, explic\u00f3 que el proceso de selecci\u00f3n y de designaci\u00f3n, se agilizar\u00eda, tomando en cuenta que est\u00e1 en marcha el proceso electoral 2017-2018.<br \/>\nEl acuerdo aprobado, se\u00f1ala que la designaci\u00f3n de la consejera o consejero presidente, ser\u00e1 a m\u00e1s tardar el 13 de diciembre.<br \/>\nEl registro para los aspirantes, se abrir\u00e1 en dos periodos, del 2 al 6 y del 9 al 13 de octubre.<br \/>\nLa actual presidenta del IEPC, Marisela Reyes Reyes, present\u00f3 su renuncia el 12 de septiembre ante el Consejo General del INE, argumentando \u201casuntos personales\u201d.<br \/>\nLa funcionaria estaba siendo sometida a un procedimiento a cargo de la Unidad T\u00e9cnica de lo Contencioso Electoral, por presunta violaci\u00f3n al art\u00edculo 102 de la Ley General de Instituciones y Procedimientos Electorales.<br \/>\n\u00ab(Precisamente) en lo que se refiere a la contrataci\u00f3n o promoci\u00f3n de un familiar directo\u00bb, seg\u00fan explic\u00f3 en sesiones pasadas, el consejero Ciro Maruyama Rend\u00f3n.<\/p>\n","protected":false},"excerpt":{"rendered":"<p>El que supla a Marisela Reyes, podr\u00eda ser designado el pr\u00f3ximo 13 de diciembre El Consejo General del Instituto Nacional Electoral, aprob\u00f3 la emisi\u00f3n de una convocatoria para elegir al&hellip; <\/p>\n","protected":false},"author":1,"featured_media":0,"comment_status":"closed","ping_status":"closed","sticky":false,"template":"","format":"standard","meta":{"fifu_image_url":"","fifu_image_alt":"","footnotes":""},"categories":[8,17],"tags":[],"class_list":["post-8683","post","type-post","status-publish","format-standard","hentry","category-featured","category-organos-electorales"],"_links":{"self":[{"href":"https:\/\/www.interaccionnoticias.com.mx\/index.php?rest_route=\/wp\/v2\/posts\/8683","targetHints":{"allow":["GET"]}}],"collection":[{"href":"https:\/\/www.interaccionnoticias.com.mx\/index.php?rest_route=\/wp\/v2\/posts"}],"about":[{"href":"https:\/\/www.interaccionnoticias.com.mx\/index.php?rest_route=\/wp\/v2\/types\/post"}],"author":[{"embeddable":true,"href":"https:\/\/www.interaccionnoticias.com.mx\/index.php?rest_route=\/wp\/v2\/users\/1"}],"replies":[{"embeddable":true,"href":"https:\/\/www.interaccionnoticias.com.mx\/index.php?rest_route=%2Fwp%2Fv2%2Fcomments&post=8683"}],"version-history":[{"count":0,"href":"https:\/\/www.interaccionnoticias.com.mx\/index.php?rest_route=\/wp\/v2\/posts\/8683\/revisions"}],"wp:attachment":[{"href":"https:\/\/www.interaccionnoticias.com.mx\/index.php?rest_route=%2Fwp%2Fv2%2Fmedia&parent=8683"}],"wp:term":[{"taxonomy":"category","embeddable":true,"href":"https:\/\/www.interaccionnoticias.com.mx\/index.php?rest_route=%2Fwp%2Fv2%2Fcategories&post=8683"},{"taxonomy":"post_tag","embeddable":true,"href":"https:\/\/www.interaccionnoticias.com.mx\/index.php?rest_route=%2Fwp%2Fv2%2Ftags&post=8683"}],"curies":[{"name":"wp","href":"https:\/\/api.w.org\/{rel}","templated":true}]}}