{"id":86826,"date":"2025-01-26T19:16:48","date_gmt":"2025-01-27T01:16:48","guid":{"rendered":"https:\/\/www.interaccionnoticias.com.mx\/?p=86826"},"modified":"2025-01-26T19:18:18","modified_gmt":"2025-01-27T01:18:18","slug":"buscar-el-bien-con-la-verdad","status":"publish","type":"post","link":"https:\/\/www.interaccionnoticias.com.mx\/?p=86826","title":{"rendered":"Objetivo de los medios de los periodistas: buscar el bien con la verdad"},"content":{"rendered":"\n<p><em><strong>&#8212; La grey cat\u00f3lica pide a los comunicadores transmitir la palabra de Dios en sus medios<\/strong><\/em><\/p>\n\n\n\n<p><strong>Rosario Garc\u00eda Orozco<\/strong><\/p>\n\n\n\n<p>El objetivo de los comunicadores debe ser hacer el bien con la verdad, consider\u00f3 el sacerdote cat\u00f3lico, Sem Zepeda Salazar, durante la misa del Sexto Domingo de la palabra y el jubileo de los medios de comunicaci\u00f3n.<\/p>\n\n\n\n<p>La homil\u00eda se llev\u00f3 a cabo en la Iglesia del \u201cSagrado Coraz\u00f3n de Jes\u00fas\u201d, de la colonia Burocratas de Chilpancingo, donde los periodistas, camar\u00f3grafos y fot\u00f3grafos asistentes recibieron una bendici\u00f3n especial con la participaci\u00f3n de decenas de feligreses.<\/p>\n\n\n\n<p>Los invitados especiales fueron precisamente los representantes de medios de comunicaci\u00f3n, quienes todos los d\u00edas salen a las calles a recoger noticias y transmitirlas con la mayor oportunidad a la comunidad, dijo el sacerdote, quien reconoci\u00f3 que en estos tiempos el ejercicio de los comunicadores es de muy alto riesgo.<\/p>\n\n\n\n<p>El sacerdote Sem Cepeda se\u00f1al\u00f3 que la misma Biblia dice c\u00f3mo fue transmitido el mensaje de Cristo, y habla de c\u00f3mo<br>comunicaron la palabra, de c\u00f3mo ocurrieron las cosas de Cristo, con investigaciones para decir la verdad inspirados por Dios, \u201cesa es la tarea de los medios de comunicaci\u00f3n buscar el bien y la verdad, transmitirla, comunicarla\u201d.<\/p>\n\n\n\n<p>Enfatiz\u00f3 que en la Palabra de Dios \u201cencontramos el bien y la verdad, y si tantito m\u00e1s la amamos tambi\u00e9n nos va a ense\u00f1ar el camino de la justicia en la manera en que Dios mismo la ve\u201d.<\/p>\n\n\n\n<p>El sacerdote tambi\u00e9n recomend\u00f3 a los fieles cat\u00f3licos volver a la palabra de Dios, porque \u201chemos expulsado la palabra de Dios de las instituciones p\u00fablicas, de la escuela, de las leyes, y no se ve que haya hecho bien\u201d.<\/p>\n\n\n\n<p>Consider\u00f3 que por la violencia que se vive en Guerrero, el pa\u00eds y el mundo, \u201cse necesita de este mensaje de salvaci\u00f3n, del mensaje de amor y paz que nos transmite la palabra del Se\u00f1or, volvamos nosotros poco a poco, y de pasadita los que son profesionales de los medios de comunicaci\u00f3n, que creen en el Se\u00f1or, que transmitan la palabra de Dios en los contenidos de los medios informativos.<\/p>\n\n\n\n<p>Dijo que la construcci\u00f3n de la Paz requiere de la participaci\u00f3n de todos, \u201cTodos necesitamos contribuir a un mundo mejor porque el mundo necesita de ese mensaje de Cristo\u201d.<\/p>\n","protected":false},"excerpt":{"rendered":"<p>&#8212; La grey cat\u00f3lica pide a los comunicadores transmitir la palabra de Dios en sus medios Rosario Garc\u00eda Orozco El objetivo de los comunicadores debe ser hacer el bien con&hellip; <\/p>\n","protected":false},"author":14,"featured_media":86827,"comment_status":"open","ping_status":"open","sticky":false,"template":"","format":"standard","meta":{"fifu_image_url":"","fifu_image_alt":"","footnotes":""},"categories":[29],"tags":[],"class_list":["post-86826","post","type-post","status-publish","format-standard","has-post-thumbnail","hentry","category-sociedad"],"_links":{"self":[{"href":"https:\/\/www.interaccionnoticias.com.mx\/index.php?rest_route=\/wp\/v2\/posts\/86826","targetHints":{"allow":["GET"]}}],"collection":[{"href":"https:\/\/www.interaccionnoticias.com.mx\/index.php?rest_route=\/wp\/v2\/posts"}],"about":[{"href":"https:\/\/www.interaccionnoticias.com.mx\/index.php?rest_route=\/wp\/v2\/types\/post"}],"author":[{"embeddable":true,"href":"https:\/\/www.interaccionnoticias.com.mx\/index.php?rest_route=\/wp\/v2\/users\/14"}],"replies":[{"embeddable":true,"href":"https:\/\/www.interaccionnoticias.com.mx\/index.php?rest_route=%2Fwp%2Fv2%2Fcomments&post=86826"}],"version-history":[{"count":2,"href":"https:\/\/www.interaccionnoticias.com.mx\/index.php?rest_route=\/wp\/v2\/posts\/86826\/revisions"}],"predecessor-version":[{"id":86829,"href":"https:\/\/www.interaccionnoticias.com.mx\/index.php?rest_route=\/wp\/v2\/posts\/86826\/revisions\/86829"}],"wp:featuredmedia":[{"embeddable":true,"href":"https:\/\/www.interaccionnoticias.com.mx\/index.php?rest_route=\/wp\/v2\/media\/86827"}],"wp:attachment":[{"href":"https:\/\/www.interaccionnoticias.com.mx\/index.php?rest_route=%2Fwp%2Fv2%2Fmedia&parent=86826"}],"wp:term":[{"taxonomy":"category","embeddable":true,"href":"https:\/\/www.interaccionnoticias.com.mx\/index.php?rest_route=%2Fwp%2Fv2%2Fcategories&post=86826"},{"taxonomy":"post_tag","embeddable":true,"href":"https:\/\/www.interaccionnoticias.com.mx\/index.php?rest_route=%2Fwp%2Fv2%2Ftags&post=86826"}],"curies":[{"name":"wp","href":"https:\/\/api.w.org\/{rel}","templated":true}]}}