{"id":86817,"date":"2025-01-26T19:01:22","date_gmt":"2025-01-27T01:01:22","guid":{"rendered":"https:\/\/www.interaccionnoticias.com.mx\/?p=86817"},"modified":"2025-01-26T19:01:24","modified_gmt":"2025-01-27T01:01:24","slug":"ocurrencia-obra-jardinera-del-ayuntamiento-de-taxco","status":"publish","type":"post","link":"https:\/\/www.interaccionnoticias.com.mx\/?p=86817","title":{"rendered":"Ocurrencia, obra jardinera del Ayuntamiento de Taxco"},"content":{"rendered":"\n<p><strong><em>&#8212; Luis Michelini la considera como un \u201cadefesio\u201d<\/em><\/strong><\/p>\n\n\n\n<p><strong>Alejandro G\u00f3mez Sotelo<\/strong><\/p>\n\n\n\n<p>El ex presidente de la Junta de Conservaci\u00f3n y Vigilancia de Taxco (JCyVT), Luis Michelini Pineda, llam\u00f3 \u201cadefesio y un culto a la egolatr\u00eda y al valemadrismo\u201d la obra de jardinera que realiza el alcalde morenista de la ciudad, Juan Andr\u00e9s Vega Carranza, frente a la cl\u00ednica del IMSS y sobre la congestionada \u201cavenida de los plateros\u201d, debido a que no tiene justificaci\u00f3n ni raz\u00f3n de ser y por lo tanto esos trabajos ser\u00e1n utilizados para tratar de justificar un robo descarado de recursos p\u00fablicos.<\/p>\n\n\n\n<p>Acus\u00f3 una red de complicidades de la actual directiva de la JCyVT con la representaci\u00f3n del Instituto Nacional de Antropolog\u00eda e Historia (INAH) en Taxco y el Colegio de Arquitectos, para permitir que el ayuntamiento municipal destruyera el empedrado tradicional y dar paso a la edificaci\u00f3n inviable de esa estructura de tabique y concreto, en una pendiente donde a diario descienden miles de veh\u00edculos y en el punto medio del IMSS, una cl\u00ednica m\u00e9dica particular y el Centro de Salud Urbano.<\/p>\n\n\n\n<p>Michelini Pineda, neg\u00f3 que la obra de Vega Carranza sea funcional y por el contrario generar\u00e1 congestionamientos viales diariamente y accidentes de automovilistas y motociclistas, porque se ubica en un crucero con sitio de taxis colectivos incluido, \u201cdijeron que ser\u00eda una jardinera y como no representa muchos billetes, se les ocurri\u00f3 construir un mazacote de media pir\u00e1mide que parece una tumba del pante\u00f3n municipal y con ello inflar\u00e1n los costos de la obra para tener m\u00e1s ganancias\u201d.<\/p>\n\n\n\n<p>El tambi\u00e9n ex subsecretario de turismo en la zona norte mencion\u00f3 que, si bien y \u201cde manera tibia para justificar lo injustificable\u201d la JCyVT coloc\u00f3 sellos de suspensi\u00f3n para detener el avance de ese \u201cadefesio\u201d del morenista, pero los constructores ignoraron el apercibimiento y continuaron su labor contando con la complicidad de un organismo federal como es el INAH, que no cumple su funci\u00f3n de cuidar el entorno de la ciudad y permiti\u00f3 la destrucci\u00f3n de varios metros de empedrado tradicional.<\/p>\n\n\n\n<p>\u201cLa citada obra es innecesaria, no tiene planeaci\u00f3n, funcionalidad, ni justificaci\u00f3n y con ello el alcalde, Juan Andr\u00e9s Vega Carranza, busca consolidar su pol\u00edtica del importamadrismo y de paso justificar el robo descarado de recursos p\u00fablicos\u201d, sostuvo el ex funcionario estatal, al insistir que el edil morenista junto a la JCyVT, el INAH y el colegio de arquitectos promueven el cambio del nombramiento de \u00abPueblo M\u00e1gico\u201d por el distintivo de \u201canarquilandia\u201d y se reparten los beneficios.<\/p>\n\n\n\n<p>Luis Michelini Pineda, pidi\u00f3 a los taxque\u00f1os exigir cuentas claras al alcalde morenista para saber cu\u00e1ntos miles de pesos costar\u00e1 su obra de \u201cculto a la egolatr\u00eda y al valemadrismo\u201d que no debieron autorizar, pero tambi\u00e9n cuestionar los motivos por los cu\u00e1les la JCyVT, el INAH, colegio de arquitectos y la secretar\u00eda de obras p\u00fablicas del ayuntamiento, fueron omisos y permitieron la destrucci\u00f3n del empedrado tradicional para edificar el citado \u201cadefesio\u201d.<\/p>\n","protected":false},"excerpt":{"rendered":"<p>&#8212; Luis Michelini la considera como un \u201cadefesio\u201d Alejandro G\u00f3mez Sotelo El ex presidente de la Junta de Conservaci\u00f3n y Vigilancia de Taxco (JCyVT), Luis Michelini Pineda, llam\u00f3 \u201cadefesio y&hellip; <\/p>\n","protected":false},"author":15,"featured_media":86818,"comment_status":"open","ping_status":"open","sticky":false,"template":"","format":"standard","meta":{"fifu_image_url":"","fifu_image_alt":"","footnotes":""},"categories":[23],"tags":[],"class_list":["post-86817","post","type-post","status-publish","format-standard","has-post-thumbnail","hentry","category-regionales"],"_links":{"self":[{"href":"https:\/\/www.interaccionnoticias.com.mx\/index.php?rest_route=\/wp\/v2\/posts\/86817","targetHints":{"allow":["GET"]}}],"collection":[{"href":"https:\/\/www.interaccionnoticias.com.mx\/index.php?rest_route=\/wp\/v2\/posts"}],"about":[{"href":"https:\/\/www.interaccionnoticias.com.mx\/index.php?rest_route=\/wp\/v2\/types\/post"}],"author":[{"embeddable":true,"href":"https:\/\/www.interaccionnoticias.com.mx\/index.php?rest_route=\/wp\/v2\/users\/15"}],"replies":[{"embeddable":true,"href":"https:\/\/www.interaccionnoticias.com.mx\/index.php?rest_route=%2Fwp%2Fv2%2Fcomments&post=86817"}],"version-history":[{"count":1,"href":"https:\/\/www.interaccionnoticias.com.mx\/index.php?rest_route=\/wp\/v2\/posts\/86817\/revisions"}],"predecessor-version":[{"id":86819,"href":"https:\/\/www.interaccionnoticias.com.mx\/index.php?rest_route=\/wp\/v2\/posts\/86817\/revisions\/86819"}],"wp:featuredmedia":[{"embeddable":true,"href":"https:\/\/www.interaccionnoticias.com.mx\/index.php?rest_route=\/wp\/v2\/media\/86818"}],"wp:attachment":[{"href":"https:\/\/www.interaccionnoticias.com.mx\/index.php?rest_route=%2Fwp%2Fv2%2Fmedia&parent=86817"}],"wp:term":[{"taxonomy":"category","embeddable":true,"href":"https:\/\/www.interaccionnoticias.com.mx\/index.php?rest_route=%2Fwp%2Fv2%2Fcategories&post=86817"},{"taxonomy":"post_tag","embeddable":true,"href":"https:\/\/www.interaccionnoticias.com.mx\/index.php?rest_route=%2Fwp%2Fv2%2Ftags&post=86817"}],"curies":[{"name":"wp","href":"https:\/\/api.w.org\/{rel}","templated":true}]}}