{"id":86803,"date":"2025-01-24T16:44:00","date_gmt":"2025-01-24T22:44:00","guid":{"rendered":"https:\/\/www.interaccionnoticias.com.mx\/?p=86803"},"modified":"2025-01-24T21:36:48","modified_gmt":"2025-01-25T03:36:48","slug":"desaparece-sobrino-de-ex-secretario-general-del-ayuntamiento-de-juan-r-escudero-en-la-region-centro-de-guerrero","status":"publish","type":"post","link":"https:\/\/www.interaccionnoticias.com.mx\/?p=86803","title":{"rendered":"Desaparece sobrino de ex secretario General del Ayuntamiento de Juan R. Escudero, en la regi\u00f3n Centro de Guerrero"},"content":{"rendered":"\n<p><strong><em>&#8212; Mois\u00e9s M\u00e9ndez Carbajal, de 20 a\u00f1os de edad, desapareci\u00f3 el 17 de enero de este a\u00f1o en Tierra Colorada, municipio de Juan R. Escudero<\/em><\/strong><\/p>\n\n\n\n<p><strong>Yasm\u00edn Garc\u00eda<\/strong><\/p>\n\n\n\n<p>Las autoridades emitieron la ficha de b\u00fasqueda de Mois\u00e9s M\u00e9ndez Carbajal, de 20 a\u00f1os de edad, quien desapareci\u00f3 el 17 de enero de este a\u00f1o en Tierra Colorada, municipio de Juan R. Escudero.&nbsp;<\/p>\n\n\n\n<p>Se trata del sobrino del ex secretario General del Ayuntamiento de Juan R. Escudero, Mario Luna Carbajal, quien pidi\u00f3 ayuda de la poblaci\u00f3n en sus redes sociales para dar con su paradero.&nbsp;<\/p>\n\n\n\n<p>\u00abDios m\u00edo, solo te pido toques el coraz\u00f3n de esta humanidad. Moisito, hijo te seguimos esperando\u00bb, p\u00fablico Mario Carbajal.&nbsp;<\/p>\n\n\n\n<p>El Colectivo Guerrero No+ Desaparecidos pidi\u00f3 a la poblaci\u00f3n compartir la ficha de b\u00fasqueda que emiti\u00f3 la Fiscal\u00eda General del Estado (FGE) y la Comisi\u00f3n Estatal de B\u00fasqueda de Personas (CEBP), y en caso de tener alguna informaci\u00f3n hacerla saber al colectivo de madres buscadoras de manera an\u00f3nima.&nbsp;<\/p>\n\n\n\n<p>\u00abAyudemos a compartir la ficha por favor su familia lo busca no san nada de \u00e9l, te pedimos que si t\u00fa sabes alguna pista nos mandes un mensaje al colectivo y todo ser\u00e1 an\u00f3nimo de ante mano gracias recuerden no buscamos culpables\u00bb, dice la publicaci\u00f3n. &nbsp;<\/p>\n\n\n\n<p>Carbajal Luna se desempe\u00f1\u00f3 como secretario General del Ayuntamiento en la administraci\u00f3n de la ex alcaldesa Diana Costilla Villanueva (2021-2024).<\/p>\n\n\n\n<div class=\"wp-block-jetpack-slideshow aligncenter\" data-effect=\"slide\"><div class=\"wp-block-jetpack-slideshow_container swiper-container\"><ul class=\"wp-block-jetpack-slideshow_swiper-wrapper swiper-wrapper\"><li class=\"wp-block-jetpack-slideshow_slide swiper-slide\"><figure><img decoding=\"async\" src=\"data:image\/gif;base64,R0lGODlhAQABAIAAAAAAAP\/\/\/ywAAAAAAQABAAACAUwAOw==\" fifu-lazy=\"1\" fifu-data-sizes=\"auto\" fifu-data-srcset=\"https:\/\/i3.wp.com\/www.interaccionnoticias.com.mx\/wp-content\/uploads\/2025\/01\/250124-Moises-Mendez-821x1024.jpeg?ssl=1&w=75&resize=75&ssl=1 75w, https:\/\/i3.wp.com\/www.interaccionnoticias.com.mx\/wp-content\/uploads\/2025\/01\/250124-Moises-Mendez-821x1024.jpeg?ssl=1&w=100&resize=100&ssl=1 100w, https:\/\/i3.wp.com\/www.interaccionnoticias.com.mx\/wp-content\/uploads\/2025\/01\/250124-Moises-Mendez-821x1024.jpeg?ssl=1&w=150&resize=150&ssl=1 150w, https:\/\/i3.wp.com\/www.interaccionnoticias.com.mx\/wp-content\/uploads\/2025\/01\/250124-Moises-Mendez-821x1024.jpeg?ssl=1&w=240&resize=240&ssl=1 240w, https:\/\/i3.wp.com\/www.interaccionnoticias.com.mx\/wp-content\/uploads\/2025\/01\/250124-Moises-Mendez-821x1024.jpeg?ssl=1&w=320&resize=320&ssl=1 320w, https:\/\/i3.wp.com\/www.interaccionnoticias.com.mx\/wp-content\/uploads\/2025\/01\/250124-Moises-Mendez-821x1024.jpeg?ssl=1&w=500&resize=500&ssl=1 500w, https:\/\/i3.wp.com\/www.interaccionnoticias.com.mx\/wp-content\/uploads\/2025\/01\/250124-Moises-Mendez-821x1024.jpeg?ssl=1&w=640&resize=640&ssl=1 640w, https:\/\/i3.wp.com\/www.interaccionnoticias.com.mx\/wp-content\/uploads\/2025\/01\/250124-Moises-Mendez-821x1024.jpeg?ssl=1&w=800&resize=800&ssl=1 800w, https:\/\/i3.wp.com\/www.interaccionnoticias.com.mx\/wp-content\/uploads\/2025\/01\/250124-Moises-Mendez-821x1024.jpeg?ssl=1&w=1024&resize=1024&ssl=1 1024w, https:\/\/i3.wp.com\/www.interaccionnoticias.com.mx\/wp-content\/uploads\/2025\/01\/250124-Moises-Mendez-821x1024.jpeg?ssl=1&w=1280&resize=1280&ssl=1 1280w, https:\/\/i3.wp.com\/www.interaccionnoticias.com.mx\/wp-content\/uploads\/2025\/01\/250124-Moises-Mendez-821x1024.jpeg?ssl=1&w=1600&resize=1600&ssl=1 1600w\" alt=\"\" class=\"wp-block-jetpack-slideshow_image wp-image-86804\" data-id=\"86804\" fifu-data-src=\"https:\/\/i3.wp.com\/www.interaccionnoticias.com.mx\/wp-content\/uploads\/2025\/01\/250124-Moises-Mendez-821x1024.jpeg?ssl=1\"\/><\/figure><\/li><\/ul><a class=\"wp-block-jetpack-slideshow_button-prev swiper-button-prev swiper-button-white\" role=\"button\"><\/a><a class=\"wp-block-jetpack-slideshow_button-next swiper-button-next swiper-button-white\" role=\"button\"><\/a><a aria-label=\"Pause Slideshow\" class=\"wp-block-jetpack-slideshow_button-pause\" role=\"button\"><\/a><div class=\"wp-block-jetpack-slideshow_pagination swiper-pagination swiper-pagination-white\"><\/div><\/div><\/div>\n","protected":false},"excerpt":{"rendered":"<p>&#8212; Mois\u00e9s M\u00e9ndez Carbajal, de 20 a\u00f1os de edad, desapareci\u00f3 el 17 de enero de este a\u00f1o en Tierra Colorada, municipio de Juan R. Escudero Yasm\u00edn Garc\u00eda Las autoridades emitieron&hellip; <\/p>\n","protected":false},"author":32,"featured_media":86805,"comment_status":"open","ping_status":"open","sticky":false,"template":"","format":"standard","meta":{"fifu_image_url":"","fifu_image_alt":"","footnotes":""},"categories":[247],"tags":[],"class_list":["post-86803","post","type-post","status-publish","format-standard","has-post-thumbnail","hentry","category-lo-has-visto"],"_links":{"self":[{"href":"https:\/\/www.interaccionnoticias.com.mx\/index.php?rest_route=\/wp\/v2\/posts\/86803","targetHints":{"allow":["GET"]}}],"collection":[{"href":"https:\/\/www.interaccionnoticias.com.mx\/index.php?rest_route=\/wp\/v2\/posts"}],"about":[{"href":"https:\/\/www.interaccionnoticias.com.mx\/index.php?rest_route=\/wp\/v2\/types\/post"}],"author":[{"embeddable":true,"href":"https:\/\/www.interaccionnoticias.com.mx\/index.php?rest_route=\/wp\/v2\/users\/32"}],"replies":[{"embeddable":true,"href":"https:\/\/www.interaccionnoticias.com.mx\/index.php?rest_route=%2Fwp%2Fv2%2Fcomments&post=86803"}],"version-history":[{"count":1,"href":"https:\/\/www.interaccionnoticias.com.mx\/index.php?rest_route=\/wp\/v2\/posts\/86803\/revisions"}],"predecessor-version":[{"id":86806,"href":"https:\/\/www.interaccionnoticias.com.mx\/index.php?rest_route=\/wp\/v2\/posts\/86803\/revisions\/86806"}],"wp:featuredmedia":[{"embeddable":true,"href":"https:\/\/www.interaccionnoticias.com.mx\/index.php?rest_route=\/wp\/v2\/media\/86805"}],"wp:attachment":[{"href":"https:\/\/www.interaccionnoticias.com.mx\/index.php?rest_route=%2Fwp%2Fv2%2Fmedia&parent=86803"}],"wp:term":[{"taxonomy":"category","embeddable":true,"href":"https:\/\/www.interaccionnoticias.com.mx\/index.php?rest_route=%2Fwp%2Fv2%2Fcategories&post=86803"},{"taxonomy":"post_tag","embeddable":true,"href":"https:\/\/www.interaccionnoticias.com.mx\/index.php?rest_route=%2Fwp%2Fv2%2Ftags&post=86803"}],"curies":[{"name":"wp","href":"https:\/\/api.w.org\/{rel}","templated":true}]}}