{"id":8678,"date":"2017-09-29T12:49:20","date_gmt":"2017-09-29T17:49:20","guid":{"rendered":"http:\/\/www.inter-accion.com.mx\/?p=8678"},"modified":"2017-09-29T12:49:20","modified_gmt":"2017-09-29T17:49:20","slug":"asesinato-de-lider-de-mc-en-tierra-caliente-es-crimen-politico-acusan-diputados","status":"publish","type":"post","link":"https:\/\/www.interaccionnoticias.com.mx\/?p=8678","title":{"rendered":"Asesinato de l\u00edder de MC en Tierra Caliente, es crimen pol\u00edtico, acusan diputados"},"content":{"rendered":"<p>El coordinador de la fracci\u00f3n del Movimiento Ciudadano del Congreso local, Ricardo Mej\u00eda Berdeja, afirm\u00f3 que el asesinato de quien fuera dirigente de su partido en la regi\u00f3n Tierra Caliente, \u00c1ngel Vergara Cham\u00fa, fue con el objetivo de cerrarle el paso a \u201cuna leg\u00edtima aspiraci\u00f3n pol\u00edtica\u201d.<br \/>\nEl legislador present\u00f3 un exhorto en tribuna para que el Fiscal General del Estado, Xavier Olea Pel\u00e1ez, realice una investigaci\u00f3n a fondo de manera inmediata, y aplique la ley a los responsables del asesinato, adem\u00e1s de una condena de parte del Congreso al asesinato de Vergara Cham\u00fa, el cual fue aprobado por unanimidad.<br \/>\nEl legislador record\u00f3 que la v\u00edctima fue dos veces candidato a la presidencia municipal de Ajuchitl\u00e1n del Progreso quedando cerca de ganarla, y afirm\u00f3 que con la aprobaci\u00f3n del Frente Ciudadano por M\u00e9xico, \u00e9l ser\u00eda el ganador de la contienda en el pr\u00f3ximo proceso electoral, raz\u00f3n por la que fue asesinado.<br \/>\n\u201cFue dos veces candidato&nbsp; a la presidencia municipal de Ajuchitl\u00e1n del Progreso,&nbsp; en ambas se qued\u00f3&nbsp; muy cerca de ganar,&nbsp; y sin duda,&nbsp; con el apoyo&nbsp; del Frente Ciudadano hubiera sido el pr\u00f3ximo alcalde de Ajuchitl\u00e1n del Progreso. El objetivo de sus victimarios&nbsp; fue no solamente arrebatarle la vida de manera cobarde, sino tambi\u00e9n cerrarle el paso a una leg\u00edtima aspiraci\u00f3n pol\u00edtica\u201d, expres\u00f3.<br \/>\nMej\u00eda Berdeja indic\u00f3 que la impunidad que&nbsp; hay en Guerrero genera m\u00e1s violencia, m\u00e1s muertes, y m\u00e1s dolor, puesto que si los delincuentes saben que asesinar, extorsionar o secuestrar no tiene ninguna consecuencia, eso se convierte en un \u201cest\u00edmulo perverso\u201d para que sigan delinquiendo.<br \/>\nSe\u00f1al\u00f3 que hasta el mes de agosto la Fiscal\u00eda General del Estado ha acumulado 1540 carpetas de investigaci\u00f3n, convirtiendo a esta entidad en la m\u00e1s alta de todo el pa\u00eds, pues cada carpeta, adem\u00e1s, puede integrar un multi homicidio.<br \/>\nHizo una comparaci\u00f3n sobre los costos de la violencia en Guerrero con los desastres naturales ocurridos en este mes, pues mientras que la reconstrucci\u00f3n del sismo del pasado 19 de septiembre costar\u00e1 39 mil millones de pesos, en 2016 los hechos de inseguridad en el estado tuvieron un costo de 192 mil millones de pesos, seg\u00fan datos que aport\u00f3 del Instituto para la Econom\u00eda y la Paz.<br \/>\nEn otro punto de la sesi\u00f3n de este d\u00eda, el diputado Silvano Blanco de Aquino se\u00f1al\u00f3 que de manera extra oficial tiene conocimiento que el ex alcalde de Zir\u00e1ndaro de los Ch\u00e1vez, Catalino Duarte&nbsp; Ortu\u00f1o est\u00e1 muerto y la Fiscal\u00eda General del Estado lo oculta y pretende hacer creer que desapareci\u00f3.<br \/>\n\u201cHay que decirlo con mucha puntualidad, al compa\u00f1ero Catalino Duarte extraoficialmente sabemos que fue asesinado, es decir, ahorita es m\u00e1s f\u00e1cil para el sistema decir que est\u00e1 desaparecido el compa\u00f1ero. No est\u00e1 desaparecido, de manera extraoficial nosotros sabemos que efectivamente el compa\u00f1ero fue asesinado\u201d,&nbsp; dijo.<br \/>\nEl diputado local&nbsp; respald\u00f3 la posici\u00f3n de su compa\u00f1ero de bancada al se\u00f1alar que el asesinato de \u00c1ngel Vergara Cham\u00fa es un crimen pol\u00edtico ya que era el virtual candidato del Frente Ciudadano por M\u00e9xico a la alcald\u00eda de Ajuchitl\u00e1n del Progreso.<br \/>\nBlanco de Aquino subi\u00f3 a tribuna para cuestionar la investigaci\u00f3n que lleva la Fiscal\u00eda General del Estado sobre el asesinato de quien fuera presidente del Congreso local, Armando Chavarr\u00eda Barrera, del cual, dijo, muestra pocos avances.<br \/>\nLament\u00f3 que el titular de la dependencia, Xavier Olea Pel\u00e1ez,&nbsp; insistiera en la versi\u00f3n de que Chavarr\u00eda fue asesinado por integrantes del Ej\u00e9rcito Revolucionario del Pueblo Insurgente (ERPI), pese a que un juzgado federal determin\u00f3 en 2010 que no hab\u00eda elementos para sostener esta hip\u00f3tesis.<br \/>\n\u201cEl \u00e1nimo del fiscal fue quiz\u00e1s el hecho de pretender ya liberarse de esa enorme responsabilidad que tiene con esa investigaci\u00f3n, quiz\u00e1s de una forma para ya cerrar totalmente el asunto y decir que se hizo un esfuerzo pero al final fue el juez el que neg\u00f3 la orden de aprehensi\u00f3n en contra de los responsables\u201d, critic\u00f3.&nbsp;<br \/>\nSilvano Blanco consider\u00f3 que es prudente que el Congreso se pronuncie por la renuncia del fiscal, de lo contrario incurrir\u00eda en una negligencia.<\/p>\n","protected":false},"excerpt":{"rendered":"<p>El coordinador de la fracci\u00f3n del Movimiento Ciudadano del Congreso local, Ricardo Mej\u00eda Berdeja, afirm\u00f3 que el asesinato de quien fuera dirigente de su partido en la regi\u00f3n Tierra Caliente,&hellip; <\/p>\n","protected":false},"author":1,"featured_media":0,"comment_status":"closed","ping_status":"closed","sticky":false,"template":"","format":"standard","meta":{"fifu_image_url":"","fifu_image_alt":"","footnotes":""},"categories":[2,8],"tags":[],"class_list":["post-8678","post","type-post","status-publish","format-standard","hentry","category-congreso","category-featured"],"_links":{"self":[{"href":"https:\/\/www.interaccionnoticias.com.mx\/index.php?rest_route=\/wp\/v2\/posts\/8678","targetHints":{"allow":["GET"]}}],"collection":[{"href":"https:\/\/www.interaccionnoticias.com.mx\/index.php?rest_route=\/wp\/v2\/posts"}],"about":[{"href":"https:\/\/www.interaccionnoticias.com.mx\/index.php?rest_route=\/wp\/v2\/types\/post"}],"author":[{"embeddable":true,"href":"https:\/\/www.interaccionnoticias.com.mx\/index.php?rest_route=\/wp\/v2\/users\/1"}],"replies":[{"embeddable":true,"href":"https:\/\/www.interaccionnoticias.com.mx\/index.php?rest_route=%2Fwp%2Fv2%2Fcomments&post=8678"}],"version-history":[{"count":0,"href":"https:\/\/www.interaccionnoticias.com.mx\/index.php?rest_route=\/wp\/v2\/posts\/8678\/revisions"}],"wp:attachment":[{"href":"https:\/\/www.interaccionnoticias.com.mx\/index.php?rest_route=%2Fwp%2Fv2%2Fmedia&parent=8678"}],"wp:term":[{"taxonomy":"category","embeddable":true,"href":"https:\/\/www.interaccionnoticias.com.mx\/index.php?rest_route=%2Fwp%2Fv2%2Fcategories&post=8678"},{"taxonomy":"post_tag","embeddable":true,"href":"https:\/\/www.interaccionnoticias.com.mx\/index.php?rest_route=%2Fwp%2Fv2%2Ftags&post=8678"}],"curies":[{"name":"wp","href":"https:\/\/api.w.org\/{rel}","templated":true}]}}