{"id":86762,"date":"2025-01-24T09:37:00","date_gmt":"2025-01-24T15:37:00","guid":{"rendered":"https:\/\/www.interaccionnoticias.com.mx\/?p=86762"},"modified":"2025-01-24T20:46:23","modified_gmt":"2025-01-25T02:46:23","slug":"los-homicidas-de-una-familia-los-vinculan-a-proceso","status":"publish","type":"post","link":"https:\/\/www.interaccionnoticias.com.mx\/?p=86762","title":{"rendered":"Los homicidas de una familia los vinculan a proceso"},"content":{"rendered":"\n<p><strong><em>&#8212; Cinco personas fueron asesinadas y un menor herido<br>&#8212; Hechos ocurridos en el poblado de Tres Palos<\/em><\/strong><\/p>\n\n\n\n<p><strong>Javier Trujillo<\/strong><\/p>\n\n\n\n<p>Acapulco, Gro.- Dos presuntos responsables del multi homicidio ocurrido en el poblado de Tres Palos, David \u201cN\u201d alias \u201cEl Roy\u201d y Edgar \u201cN\u201d, fueron procesos por los delitos de homicidio calificado de cinco personas y homicidio en grado de tentativa en agravio de un menor.<\/p>\n\n\n\n<p>La Fiscal\u00eda General del Estado de Guerrero (FGE) inform\u00f3 que obtuvo la vinculaci\u00f3n a proceso de dos imputados, por los hechos ocurridos el pasado 4 de noviembre del 2024 en Acapulco.<\/p>\n\n\n\n<p>Como resultado de las diligencias realizadas, se determin\u00f3 la participaci\u00f3n de David \u201cN\u201d alias \u201cEl Roy\u201d, y Edgar \u201cN\u201d en los hechos en un domicilio en Tres Palos, donde habr\u00edan disparado en contra de las v\u00edctimas y quemado dos veh\u00edculos, as\u00ed como una vivienda.<\/p>\n\n\n\n<p>En la audiencia, la FGE, present\u00f3 los datos de prueba correspondientes, por lo que el juez de control decret\u00f3 el auto de vinculaci\u00f3n a proceso de los imputados, concediendo un plazo de tres meses para el cierre de la investigaci\u00f3n complementaria y dict\u00f3 prisi\u00f3n preventiva justificada.<\/p>\n","protected":false},"excerpt":{"rendered":"<p>&#8212; Cinco personas fueron asesinadas y un menor herido&#8212; Hechos ocurridos en el poblado de Tres Palos Javier Trujillo Acapulco, Gro.- Dos presuntos responsables del multi homicidio ocurrido en el&hellip; <\/p>\n","protected":false},"author":3,"featured_media":86765,"comment_status":"open","ping_status":"open","sticky":false,"template":"","format":"standard","meta":{"fifu_image_url":"","fifu_image_alt":"","footnotes":""},"categories":[27],"tags":[],"class_list":["post-86762","post","type-post","status-publish","format-standard","has-post-thumbnail","hentry","category-seguridad-publica"],"_links":{"self":[{"href":"https:\/\/www.interaccionnoticias.com.mx\/index.php?rest_route=\/wp\/v2\/posts\/86762","targetHints":{"allow":["GET"]}}],"collection":[{"href":"https:\/\/www.interaccionnoticias.com.mx\/index.php?rest_route=\/wp\/v2\/posts"}],"about":[{"href":"https:\/\/www.interaccionnoticias.com.mx\/index.php?rest_route=\/wp\/v2\/types\/post"}],"author":[{"embeddable":true,"href":"https:\/\/www.interaccionnoticias.com.mx\/index.php?rest_route=\/wp\/v2\/users\/3"}],"replies":[{"embeddable":true,"href":"https:\/\/www.interaccionnoticias.com.mx\/index.php?rest_route=%2Fwp%2Fv2%2Fcomments&post=86762"}],"version-history":[{"count":2,"href":"https:\/\/www.interaccionnoticias.com.mx\/index.php?rest_route=\/wp\/v2\/posts\/86762\/revisions"}],"predecessor-version":[{"id":86767,"href":"https:\/\/www.interaccionnoticias.com.mx\/index.php?rest_route=\/wp\/v2\/posts\/86762\/revisions\/86767"}],"wp:featuredmedia":[{"embeddable":true,"href":"https:\/\/www.interaccionnoticias.com.mx\/index.php?rest_route=\/wp\/v2\/media\/86765"}],"wp:attachment":[{"href":"https:\/\/www.interaccionnoticias.com.mx\/index.php?rest_route=%2Fwp%2Fv2%2Fmedia&parent=86762"}],"wp:term":[{"taxonomy":"category","embeddable":true,"href":"https:\/\/www.interaccionnoticias.com.mx\/index.php?rest_route=%2Fwp%2Fv2%2Fcategories&post=86762"},{"taxonomy":"post_tag","embeddable":true,"href":"https:\/\/www.interaccionnoticias.com.mx\/index.php?rest_route=%2Fwp%2Fv2%2Ftags&post=86762"}],"curies":[{"name":"wp","href":"https:\/\/api.w.org\/{rel}","templated":true}]}}