{"id":86738,"date":"2025-01-23T15:48:14","date_gmt":"2025-01-23T21:48:14","guid":{"rendered":"https:\/\/www.interaccionnoticias.com.mx\/?p=86738"},"modified":"2025-01-23T15:50:13","modified_gmt":"2025-01-23T21:50:13","slug":"bienes-comunales-logra-el-registro-de-su-estatuto-y-advierte-que-permitira-el-paso-de-empresas-mineras","status":"publish","type":"post","link":"https:\/\/www.interaccionnoticias.com.mx\/?p=86738","title":{"rendered":"Bienes comunales de San Miguel del Progreso, de Malimaltepec, logra el registro de su estatuto y advierte que no permitir\u00e1 el paso de empresas mineras"},"content":{"rendered":"\n<p><strong><em>&#8211; Tampoco permitir\u00e1n la instalaci\u00f3n de compa\u00f1\u00edas que pretenden explotar el agua de la regi\u00f3n Monta\u00f1a<\/em><\/strong><\/p>\n\n\n\n<p><strong>Rogelio Agust\u00edn<\/strong><\/p>\n\n\n\n<p>Tras un proceso que se prolong\u00f3 por espacio de cuatro a\u00f1os, los Bienes Comunales de San Miguel del Progreso, municipio de Malinaltepec lograron que su estatuto comunal quedara registrado ante las instancias nacionales en su lengua materna, lo que ayudar\u00e1 en mucho a preservar la defensa de los recursos naturales que se ubican en su zona de influencia, reiteran que impedir\u00e1n la instalaci\u00f3n de empresas mineras en esa parte de la regi\u00f3n Monta\u00f1a.<\/p>\n\n\n\n<p>Los representantes de San Miguel del Progreso estuvieron este jueves en las oficinas del Registro Agrario Nacional (RAN), cuyo delegado es Miguel Flores Morales y con quien dialogaron para alcanzar un acuerdo definitivo.<\/p>\n\n\n\n<p>\u201cLos compa\u00f1eros se dieron a la tarea de erradicar el bloqueo institucional<\/p>\n\n\n\n<p>que anteriormente sufrimos en contra de los pueblos que integramos el<\/p>\n\n\n\n<p>Concejo Regional de Autoridades Agrarias en Defensa del Territorio (CRAADET), pero hoy nos han entregado la calificaci\u00f3n positiva de la inscripci\u00f3n de nuestro XT\u00c0NGOO DR\u00ccG\u00d2\u00d2 MBAA, que es nuestro estatuto comunal, con el cual ya podemos actuar conforme a derecho y sin que se nos criminalice cuando actuamos en contra de aquellos que pretenden los bienes naturales que tenemos en nuestro territorio, como sucede con la latente amenaza de las empresas mineras, de las empresas que buscan agua o de aquellas que quieren nuestra biodiversidad\u201d, se\u00f1alaron los representantes comunales.<\/p>\n\n\n\n<p>Por esa raz\u00f3n, anticiparon a quienes en alg\u00fan momento se encuentren interesados en echar mano de los recursos de esa parte de la Monta\u00f1a: \u201cSepan que hoy el respeto de nuestro derecho nos asiste y les aplicaremos las reglas que para ello disponga nuestro estatuto\u201d.<\/p>\n\n\n\n<p>Explicaron que el estatuto fue escrito totalmente en M\u00e8\u2019ph\u00e0\u00e0 y con ello,<\/p>\n\n\n\n<p>San Miguel del Progreso tiene un logra que es completamente in\u00e9dito e hist\u00f3rico para los pueblos originarios del Estado, posiblemente tambi\u00e9n para los del resto del pa\u00eds.<\/p>\n\n\n\n<p>\u201cNo s\u00f3lo se trata de haber logrado la inscripci\u00f3n en el RAN, sino haber logrado el pleno reconocimiento y respeto de nuestros derechos colectivos, de nuestro derecho ling\u00fc\u00edstico y de nuestro derecho a que se respeten nuestros sistemas normativos y nuestros usos y costumbres porque ello nos corresponde hist\u00f3ricamente\u201d, se\u00f1alan.<\/p>\n","protected":false},"excerpt":{"rendered":"<p>&#8211; Tampoco permitir\u00e1n la instalaci\u00f3n de compa\u00f1\u00edas que pretenden explotar el agua de la regi\u00f3n Monta\u00f1a Rogelio Agust\u00edn Tras un proceso que se prolong\u00f3 por espacio de cuatro a\u00f1os, los&hellip; <\/p>\n","protected":false},"author":21,"featured_media":86741,"comment_status":"open","ping_status":"open","sticky":false,"template":"","format":"standard","meta":{"fifu_image_url":"","fifu_image_alt":"","footnotes":""},"categories":[23],"tags":[],"class_list":["post-86738","post","type-post","status-publish","format-standard","has-post-thumbnail","hentry","category-regionales"],"_links":{"self":[{"href":"https:\/\/www.interaccionnoticias.com.mx\/index.php?rest_route=\/wp\/v2\/posts\/86738","targetHints":{"allow":["GET"]}}],"collection":[{"href":"https:\/\/www.interaccionnoticias.com.mx\/index.php?rest_route=\/wp\/v2\/posts"}],"about":[{"href":"https:\/\/www.interaccionnoticias.com.mx\/index.php?rest_route=\/wp\/v2\/types\/post"}],"author":[{"embeddable":true,"href":"https:\/\/www.interaccionnoticias.com.mx\/index.php?rest_route=\/wp\/v2\/users\/21"}],"replies":[{"embeddable":true,"href":"https:\/\/www.interaccionnoticias.com.mx\/index.php?rest_route=%2Fwp%2Fv2%2Fcomments&post=86738"}],"version-history":[{"count":3,"href":"https:\/\/www.interaccionnoticias.com.mx\/index.php?rest_route=\/wp\/v2\/posts\/86738\/revisions"}],"predecessor-version":[{"id":86744,"href":"https:\/\/www.interaccionnoticias.com.mx\/index.php?rest_route=\/wp\/v2\/posts\/86738\/revisions\/86744"}],"wp:featuredmedia":[{"embeddable":true,"href":"https:\/\/www.interaccionnoticias.com.mx\/index.php?rest_route=\/wp\/v2\/media\/86741"}],"wp:attachment":[{"href":"https:\/\/www.interaccionnoticias.com.mx\/index.php?rest_route=%2Fwp%2Fv2%2Fmedia&parent=86738"}],"wp:term":[{"taxonomy":"category","embeddable":true,"href":"https:\/\/www.interaccionnoticias.com.mx\/index.php?rest_route=%2Fwp%2Fv2%2Fcategories&post=86738"},{"taxonomy":"post_tag","embeddable":true,"href":"https:\/\/www.interaccionnoticias.com.mx\/index.php?rest_route=%2Fwp%2Fv2%2Ftags&post=86738"}],"curies":[{"name":"wp","href":"https:\/\/api.w.org\/{rel}","templated":true}]}}