{"id":86725,"date":"2025-01-23T15:28:41","date_gmt":"2025-01-23T21:28:41","guid":{"rendered":"https:\/\/www.interaccionnoticias.com.mx\/?p=86725"},"modified":"2025-01-23T15:28:44","modified_gmt":"2025-01-23T21:28:44","slug":"habitantes-de-la-region-sierra-denuncian-exigen-la-reconstruccion-de-caminos","status":"publish","type":"post","link":"https:\/\/www.interaccionnoticias.com.mx\/?p=86725","title":{"rendered":"Habitantes de la Regi\u00f3n Sierra denuncian exigen la reconstrucci\u00f3n de caminos"},"content":{"rendered":"\n<p><strong><em>&#8212; Denuncian que tras paso del Hurac\u00e1n John, todav\u00eda existen comunidades incomunicadas<\/em><\/strong><\/p>\n\n\n\n<p><strong>Jes\u00fas Dorantes<\/strong><\/p>\n\n\n\n<p>Chilpancingo, Gro.- Habitantes de municipios ubicados en la Sierra de Guerrero se manifestaron en las oficinas de la Comisi\u00f3n de Infraestructura Carretera y Aeroportuaria del Estado de Guerrero (CICAEG), para demandar la reparaci\u00f3n de los caminos afectados por el hurac\u00e1n John, en septiembre de 2024.<\/p>\n\n\n\n<p>El grupo de manifestantes lleg\u00f3 de la octava regi\u00f3n hasta las oficinas de CICAEG, ubicadas en la parte sur de la capital para solicitar una reuni\u00f3n.<\/p>\n\n\n\n<p>Marco Antonio Ortiz, representante de Coyuca, destac\u00f3 que se hab\u00eda firmado una minuta de acuerdos para reparar los caminos con representantes del Gobierno, pero hasta la fecha no se ha cumplido.<\/p>\n\n\n\n<p>Los caminos y carreteras de la regi\u00f3n ya se encontraban en mal estado desde hace dos a\u00f1os, pero con el paso del hurac\u00e1n John varios de ellos desaparecieron o quedaron inservibles, afectando a m\u00e1s de 20 mil familias de los municipios m\u00e1s afectados por las lluvias, entre Atoyac, Coyuca de Ben\u00edtez, Tecpan de Galeana y Coyuca de Catal\u00e1n.<\/p>\n\n\n\n<p>La situaci\u00f3n tambi\u00e9n ha impactado la producci\u00f3n y distribuci\u00f3n de productos como mango, aguacate, ma\u00edz y frijol, generando p\u00e9rdidas econ\u00f3micas.<\/p>\n\n\n\n<p>Incluso, refieren que durante el hurac\u00e1n perdieron por lo menos 400 cabezas de ganado se vieron afectadas, adem\u00e1s de 100 hect\u00e1reas de aguacate.<\/p>\n","protected":false},"excerpt":{"rendered":"<p>&#8212; Denuncian que tras paso del Hurac\u00e1n John, todav\u00eda existen comunidades incomunicadas Jes\u00fas Dorantes Chilpancingo, Gro.- Habitantes de municipios ubicados en la Sierra de Guerrero se manifestaron en las oficinas&hellip; <\/p>\n","protected":false},"author":8,"featured_media":86726,"comment_status":"open","ping_status":"open","sticky":false,"template":"","format":"standard","meta":{"fifu_image_url":"","fifu_image_alt":"","footnotes":""},"categories":[11],"tags":[],"class_list":["post-86725","post","type-post","status-publish","format-standard","has-post-thumbnail","hentry","category-guerrero"],"_links":{"self":[{"href":"https:\/\/www.interaccionnoticias.com.mx\/index.php?rest_route=\/wp\/v2\/posts\/86725","targetHints":{"allow":["GET"]}}],"collection":[{"href":"https:\/\/www.interaccionnoticias.com.mx\/index.php?rest_route=\/wp\/v2\/posts"}],"about":[{"href":"https:\/\/www.interaccionnoticias.com.mx\/index.php?rest_route=\/wp\/v2\/types\/post"}],"author":[{"embeddable":true,"href":"https:\/\/www.interaccionnoticias.com.mx\/index.php?rest_route=\/wp\/v2\/users\/8"}],"replies":[{"embeddable":true,"href":"https:\/\/www.interaccionnoticias.com.mx\/index.php?rest_route=%2Fwp%2Fv2%2Fcomments&post=86725"}],"version-history":[{"count":1,"href":"https:\/\/www.interaccionnoticias.com.mx\/index.php?rest_route=\/wp\/v2\/posts\/86725\/revisions"}],"predecessor-version":[{"id":86727,"href":"https:\/\/www.interaccionnoticias.com.mx\/index.php?rest_route=\/wp\/v2\/posts\/86725\/revisions\/86727"}],"wp:featuredmedia":[{"embeddable":true,"href":"https:\/\/www.interaccionnoticias.com.mx\/index.php?rest_route=\/wp\/v2\/media\/86726"}],"wp:attachment":[{"href":"https:\/\/www.interaccionnoticias.com.mx\/index.php?rest_route=%2Fwp%2Fv2%2Fmedia&parent=86725"}],"wp:term":[{"taxonomy":"category","embeddable":true,"href":"https:\/\/www.interaccionnoticias.com.mx\/index.php?rest_route=%2Fwp%2Fv2%2Fcategories&post=86725"},{"taxonomy":"post_tag","embeddable":true,"href":"https:\/\/www.interaccionnoticias.com.mx\/index.php?rest_route=%2Fwp%2Fv2%2Ftags&post=86725"}],"curies":[{"name":"wp","href":"https:\/\/api.w.org\/{rel}","templated":true}]}}