{"id":86709,"date":"2025-01-22T18:24:40","date_gmt":"2025-01-23T00:24:40","guid":{"rendered":"https:\/\/www.interaccionnoticias.com.mx\/?p=86709"},"modified":"2025-01-22T18:24:43","modified_gmt":"2025-01-23T00:24:43","slug":"guerrero-preparado-para-recibir-migrantes-expulsados","status":"publish","type":"post","link":"https:\/\/www.interaccionnoticias.com.mx\/?p=86709","title":{"rendered":"Guerrero preparado para recibir migrantes expulsados"},"content":{"rendered":"\n<p><strong><em>&#8212; Se desconoce el n\u00famero de guerrerenses repatriados<br>&#8212; Destac\u00f3 la coordinaci\u00f3n con las autoridades federales<\/em><\/strong><\/p>\n\n\n\n<p><strong>Javier Trujillo<\/strong><\/p>\n\n\n\n<p><strong>Acapulco, Gro. &#8211; <\/strong>La gobernadora de Guerrero, Evelyn Salgado Pineda, mencion\u00f3 que ya est\u00e1n preparados para recibir a todos los guerrerenses expulsados de los Estados Unidos.<\/p>\n\n\n\n<p>Lo anterior, tras la deportaci\u00f3n de una guerrerense que lleg\u00f3 al albergue de Matamoros en el estado de Tamaulipas, la mandataria estatal reconoci\u00f3 no tener un estimado del n\u00famero de guerrerenses que ser\u00e1n deportados.<\/p>\n\n\n\n<p>\u201cGuerrero est\u00e1 preparado, sin embargo vamos a esperar en estos siguientes d\u00edas c\u00f3mo va desarrollando esta pol\u00edtica en materia de migraci\u00f3n, sin embargo nosotros vamos a apoyar a nuestros hermanos guerrerenses.<\/p>\n\n\n\n<p>\u201cAqu\u00ed se les va a recibir y se les va abrazar en todos los aspectos y por supuesto no est\u00e1n solos, van a llegar a su tierra y recibirlos como se merecen\u201d, dijo la mandataria estatal.<\/p>\n\n\n\n<p>Al mismo tiempo, se\u00f1al\u00f3 que el mayor n\u00famero de guerrerenses se concentran en las ciudades de Chicago y Los \u00c1ngeles California, hasta donde estar\u00e1n presentes todas las autoridades.<\/p>\n\n\n\n<p>Entrevistada al t\u00e9rmino de la puesta en marcha del programa de desarme a cambio de dinero, en Acapulco, mencion\u00f3 que no se tiene un estimado del n\u00famero de migrantes que puedan volver a la entidad.<\/p>\n\n\n\n<p>La mandataria estatal Evelyn Salgado, dijo que su gobierno cuenta con recursos econ\u00f3micos suficientes para atender a los guerrerenses que lleguen a la entidad y contar\u00e1n con el apoyo del estado.<\/p>\n\n\n\n<p>Remarc\u00f3 que Guerrero es una de las entidades de tr\u00e1nsito de migrantes para lo cual se tiene todo un programa de seguridad con las diferentes instancias de gobierno y otras autoridades.<\/p>\n\n\n\n<p>Tambi\u00e9n mencion\u00f3 que la coordinaci\u00f3n con las autoridades de la Secretar\u00eda General de Gobierno estatal, y la secretar\u00eda del migrante y asuntos internacionales ya que se tiene una log\u00edstica para atender a los guerrerenses.<\/p>\n\n\n\n<p>Cabe mencionar que tan solo en el mes de diciembre del 2024, al puerto de Acapulco, arribaron tres caravanas de m\u00e1s de 500 migrantes que llegaron del estado de Oaxaca, y permanecieron en este destino.<\/p>\n\n\n\n<p>Incluso los primeros d\u00edas de enero del 2025, arrib\u00f3 otro grupo de indocumentados que fueron dispersados en el pa\u00eds, por personal del Instituto Nacional de Migraci\u00f3n, quienes despu\u00e9s se fueron para la Ciudad de M\u00e9xico.<\/p>\n\n\n\n<div class=\"wp-block-jetpack-slideshow aligncenter\" data-effect=\"slide\"><div class=\"wp-block-jetpack-slideshow_container swiper-container\"><ul class=\"wp-block-jetpack-slideshow_swiper-wrapper swiper-wrapper\"><li class=\"wp-block-jetpack-slideshow_slide swiper-slide\"><figure><img decoding=\"async\" src=\"data:image\/gif;base64,R0lGODlhAQABAIAAAAAAAP\/\/\/ywAAAAAAQABAAACAUwAOw==\" fifu-lazy=\"1\" fifu-data-sizes=\"auto\" fifu-data-srcset=\"https:\/\/i0.wp.com\/www.interaccionnoticias.com.mx\/wp-content\/uploads\/2025\/01\/250122-Evelyn-Salgado-Pineda-1-1024x683.jpg?ssl=1&w=75&resize=75&ssl=1 75w, https:\/\/i0.wp.com\/www.interaccionnoticias.com.mx\/wp-content\/uploads\/2025\/01\/250122-Evelyn-Salgado-Pineda-1-1024x683.jpg?ssl=1&w=100&resize=100&ssl=1 100w, https:\/\/i0.wp.com\/www.interaccionnoticias.com.mx\/wp-content\/uploads\/2025\/01\/250122-Evelyn-Salgado-Pineda-1-1024x683.jpg?ssl=1&w=150&resize=150&ssl=1 150w, https:\/\/i0.wp.com\/www.interaccionnoticias.com.mx\/wp-content\/uploads\/2025\/01\/250122-Evelyn-Salgado-Pineda-1-1024x683.jpg?ssl=1&w=240&resize=240&ssl=1 240w, https:\/\/i0.wp.com\/www.interaccionnoticias.com.mx\/wp-content\/uploads\/2025\/01\/250122-Evelyn-Salgado-Pineda-1-1024x683.jpg?ssl=1&w=320&resize=320&ssl=1 320w, https:\/\/i0.wp.com\/www.interaccionnoticias.com.mx\/wp-content\/uploads\/2025\/01\/250122-Evelyn-Salgado-Pineda-1-1024x683.jpg?ssl=1&w=500&resize=500&ssl=1 500w, https:\/\/i0.wp.com\/www.interaccionnoticias.com.mx\/wp-content\/uploads\/2025\/01\/250122-Evelyn-Salgado-Pineda-1-1024x683.jpg?ssl=1&w=640&resize=640&ssl=1 640w, https:\/\/i0.wp.com\/www.interaccionnoticias.com.mx\/wp-content\/uploads\/2025\/01\/250122-Evelyn-Salgado-Pineda-1-1024x683.jpg?ssl=1&w=800&resize=800&ssl=1 800w, https:\/\/i0.wp.com\/www.interaccionnoticias.com.mx\/wp-content\/uploads\/2025\/01\/250122-Evelyn-Salgado-Pineda-1-1024x683.jpg?ssl=1&w=1024&resize=1024&ssl=1 1024w, https:\/\/i0.wp.com\/www.interaccionnoticias.com.mx\/wp-content\/uploads\/2025\/01\/250122-Evelyn-Salgado-Pineda-1-1024x683.jpg?ssl=1&w=1280&resize=1280&ssl=1 1280w, https:\/\/i0.wp.com\/www.interaccionnoticias.com.mx\/wp-content\/uploads\/2025\/01\/250122-Evelyn-Salgado-Pineda-1-1024x683.jpg?ssl=1&w=1600&resize=1600&ssl=1 1600w\" alt=\"\" class=\"wp-block-jetpack-slideshow_image wp-image-86711\" data-id=\"86711\" fifu-data-src=\"https:\/\/i0.wp.com\/www.interaccionnoticias.com.mx\/wp-content\/uploads\/2025\/01\/250122-Evelyn-Salgado-Pineda-1-1024x683.jpg?ssl=1\"\/><\/figure><\/li><li class=\"wp-block-jetpack-slideshow_slide swiper-slide\"><figure><img decoding=\"async\" src=\"data:image\/gif;base64,R0lGODlhAQABAIAAAAAAAP\/\/\/ywAAAAAAQABAAACAUwAOw==\" fifu-lazy=\"1\" fifu-data-sizes=\"auto\" fifu-data-srcset=\"https:\/\/i3.wp.com\/www.interaccionnoticias.com.mx\/wp-content\/uploads\/2025\/01\/250122-Evelyn-Salgado-Pineda-2-1024x683.jpg?ssl=1&w=75&resize=75&ssl=1 75w, https:\/\/i3.wp.com\/www.interaccionnoticias.com.mx\/wp-content\/uploads\/2025\/01\/250122-Evelyn-Salgado-Pineda-2-1024x683.jpg?ssl=1&w=100&resize=100&ssl=1 100w, https:\/\/i3.wp.com\/www.interaccionnoticias.com.mx\/wp-content\/uploads\/2025\/01\/250122-Evelyn-Salgado-Pineda-2-1024x683.jpg?ssl=1&w=150&resize=150&ssl=1 150w, https:\/\/i3.wp.com\/www.interaccionnoticias.com.mx\/wp-content\/uploads\/2025\/01\/250122-Evelyn-Salgado-Pineda-2-1024x683.jpg?ssl=1&w=240&resize=240&ssl=1 240w, https:\/\/i3.wp.com\/www.interaccionnoticias.com.mx\/wp-content\/uploads\/2025\/01\/250122-Evelyn-Salgado-Pineda-2-1024x683.jpg?ssl=1&w=320&resize=320&ssl=1 320w, https:\/\/i3.wp.com\/www.interaccionnoticias.com.mx\/wp-content\/uploads\/2025\/01\/250122-Evelyn-Salgado-Pineda-2-1024x683.jpg?ssl=1&w=500&resize=500&ssl=1 500w, https:\/\/i3.wp.com\/www.interaccionnoticias.com.mx\/wp-content\/uploads\/2025\/01\/250122-Evelyn-Salgado-Pineda-2-1024x683.jpg?ssl=1&w=640&resize=640&ssl=1 640w, https:\/\/i3.wp.com\/www.interaccionnoticias.com.mx\/wp-content\/uploads\/2025\/01\/250122-Evelyn-Salgado-Pineda-2-1024x683.jpg?ssl=1&w=800&resize=800&ssl=1 800w, https:\/\/i3.wp.com\/www.interaccionnoticias.com.mx\/wp-content\/uploads\/2025\/01\/250122-Evelyn-Salgado-Pineda-2-1024x683.jpg?ssl=1&w=1024&resize=1024&ssl=1 1024w, https:\/\/i3.wp.com\/www.interaccionnoticias.com.mx\/wp-content\/uploads\/2025\/01\/250122-Evelyn-Salgado-Pineda-2-1024x683.jpg?ssl=1&w=1280&resize=1280&ssl=1 1280w, https:\/\/i3.wp.com\/www.interaccionnoticias.com.mx\/wp-content\/uploads\/2025\/01\/250122-Evelyn-Salgado-Pineda-2-1024x683.jpg?ssl=1&w=1600&resize=1600&ssl=1 1600w\" alt=\"\" class=\"wp-block-jetpack-slideshow_image wp-image-86710\" data-id=\"86710\" fifu-data-src=\"https:\/\/i3.wp.com\/www.interaccionnoticias.com.mx\/wp-content\/uploads\/2025\/01\/250122-Evelyn-Salgado-Pineda-2-1024x683.jpg?ssl=1\"\/><\/figure><\/li><\/ul><a class=\"wp-block-jetpack-slideshow_button-prev swiper-button-prev swiper-button-white\" role=\"button\"><\/a><a class=\"wp-block-jetpack-slideshow_button-next swiper-button-next swiper-button-white\" role=\"button\"><\/a><a aria-label=\"Pause Slideshow\" class=\"wp-block-jetpack-slideshow_button-pause\" role=\"button\"><\/a><div class=\"wp-block-jetpack-slideshow_pagination swiper-pagination swiper-pagination-white\"><\/div><\/div><\/div>\n","protected":false},"excerpt":{"rendered":"<p>&#8212; Se desconoce el n\u00famero de guerrerenses repatriados&#8212; Destac\u00f3 la coordinaci\u00f3n con las autoridades federales Javier Trujillo Acapulco, Gro. &#8211; La gobernadora de Guerrero, Evelyn Salgado Pineda, mencion\u00f3 que ya&hellip; <\/p>\n","protected":false},"author":3,"featured_media":86710,"comment_status":"open","ping_status":"open","sticky":false,"template":"","format":"standard","meta":{"fifu_image_url":"","fifu_image_alt":"","footnotes":""},"categories":[11],"tags":[],"class_list":["post-86709","post","type-post","status-publish","format-standard","has-post-thumbnail","hentry","category-guerrero"],"_links":{"self":[{"href":"https:\/\/www.interaccionnoticias.com.mx\/index.php?rest_route=\/wp\/v2\/posts\/86709","targetHints":{"allow":["GET"]}}],"collection":[{"href":"https:\/\/www.interaccionnoticias.com.mx\/index.php?rest_route=\/wp\/v2\/posts"}],"about":[{"href":"https:\/\/www.interaccionnoticias.com.mx\/index.php?rest_route=\/wp\/v2\/types\/post"}],"author":[{"embeddable":true,"href":"https:\/\/www.interaccionnoticias.com.mx\/index.php?rest_route=\/wp\/v2\/users\/3"}],"replies":[{"embeddable":true,"href":"https:\/\/www.interaccionnoticias.com.mx\/index.php?rest_route=%2Fwp%2Fv2%2Fcomments&post=86709"}],"version-history":[{"count":1,"href":"https:\/\/www.interaccionnoticias.com.mx\/index.php?rest_route=\/wp\/v2\/posts\/86709\/revisions"}],"predecessor-version":[{"id":86712,"href":"https:\/\/www.interaccionnoticias.com.mx\/index.php?rest_route=\/wp\/v2\/posts\/86709\/revisions\/86712"}],"wp:featuredmedia":[{"embeddable":true,"href":"https:\/\/www.interaccionnoticias.com.mx\/index.php?rest_route=\/wp\/v2\/media\/86710"}],"wp:attachment":[{"href":"https:\/\/www.interaccionnoticias.com.mx\/index.php?rest_route=%2Fwp%2Fv2%2Fmedia&parent=86709"}],"wp:term":[{"taxonomy":"category","embeddable":true,"href":"https:\/\/www.interaccionnoticias.com.mx\/index.php?rest_route=%2Fwp%2Fv2%2Fcategories&post=86709"},{"taxonomy":"post_tag","embeddable":true,"href":"https:\/\/www.interaccionnoticias.com.mx\/index.php?rest_route=%2Fwp%2Fv2%2Ftags&post=86709"}],"curies":[{"name":"wp","href":"https:\/\/api.w.org\/{rel}","templated":true}]}}