{"id":86706,"date":"2025-01-22T18:18:49","date_gmt":"2025-01-23T00:18:49","guid":{"rendered":"https:\/\/www.interaccionnoticias.com.mx\/?p=86706"},"modified":"2025-01-22T18:18:51","modified_gmt":"2025-01-23T00:18:51","slug":"guerrero-sin-dinero-para-financiar-la-eleccion-de-jueces-y-magistrados-del-poder-judicial-local","status":"publish","type":"post","link":"https:\/\/www.interaccionnoticias.com.mx\/?p=86706","title":{"rendered":"Guerrero, sin dinero para financiar la elecci\u00f3n de jueces y magistrados del Poder Judicial local"},"content":{"rendered":"\n<p><em><strong>&#8212; Sin embargo, se integr\u00f3 una mesa de trabajo que en marzo tendr\u00e1 una decisi\u00f3n al respecto<\/strong><\/em><\/p>\n\n\n\n<p><strong>Rogelio Agust\u00edn<\/strong><\/p>\n\n\n\n<p>El presidente de la Junta de Coordinaci\u00f3n Pol\u00edtica (JUCOPO) del Congreso local, Jes\u00fas Uri\u00f3stegui Garc\u00eda reconoci\u00f3 que llevar a cabo la elecci\u00f3n de jueces y magistrados del Poder Judicial local es complicado, porque es un tema que no solo implica voluntad, tambi\u00e9n la canalizaci\u00f3n de recursos que el estado de Guerrero no tiene.<\/p>\n\n\n\n<p>Este mi\u00e9rcoles, el Congreso inici\u00f3 una mesa de trabajo con el Poder Judicial local, para efecto de explorar las posibilidades que existen para llevar a cabo la elecci\u00f3n de jueces y magistrados el pr\u00f3ximo 1 de junio, pero reconoce que es muy complicado.<\/p>\n\n\n\n<p>En la reuni\u00f3n de este 22 de enero comenzaron a trabajarse temas que forman parte de una agenda conjunta, que busca integrar todos los elementos para que la elecci\u00f3n sea posible.<\/p>\n\n\n\n<p>\u201cLo que tenemos muy claro es que para este ejercicio (la elecci\u00f3n en el Poder Judicia local) no es solo un tema de voluntad, es un tema de recursos\u201d, anot\u00f3.<\/p>\n\n\n\n<p>Sin embargo, destac\u00f3 que hay disposici\u00f3n a dialogar en el aspecto t\u00e9cnico, para ello es que se integraron mesas de trabajo que se espera tengan ya algunos acuerdos en el mes de marzo.<\/p>\n\n\n\n<p>En las mesas de trabajo tambi\u00e9n participa el equipo jur\u00eddico del Gobierno de Guerrero, con la idea de que se aporten todos los elementos necesarios.<\/p>\n\n\n\n<p>Aunque todav\u00eda no se tiene una proyecci\u00f3n de gastos, Uriostegui Garc\u00eda refiere que los comentarios de quienes forman parte de los \u00f3rganos electorales, es que \u201ces un monto muy alto, porque no solamente vamos a mandar a imprimir las boletas, tenemos que contratar funcionarios de casilla, no tenemos a\u00fan la estimaci\u00f3n y tampoc recursos en el Estado, debemos recordar que en el presupuesto de 2025 no se consider\u00f3 dicha situaci\u00f3n\u201d.<\/p>\n\n\n\n<p>Record\u00f3 que en el presupuesto de este a\u00f1o hubo un ajuste a la baja de m\u00e1s de mil 700 millones de pesos, lo que de manera directa tambi\u00e9n influye en la toma de decisi\u00f3n.<\/p>\n","protected":false},"excerpt":{"rendered":"<p>&#8212; Sin embargo, se integr\u00f3 una mesa de trabajo que en marzo tendr\u00e1 una decisi\u00f3n al respecto Rogelio Agust\u00edn El presidente de la Junta de Coordinaci\u00f3n Pol\u00edtica (JUCOPO) del Congreso&hellip; <\/p>\n","protected":false},"author":21,"featured_media":86707,"comment_status":"open","ping_status":"open","sticky":false,"template":"","format":"standard","meta":{"fifu_image_url":"","fifu_image_alt":"","footnotes":""},"categories":[2],"tags":[],"class_list":["post-86706","post","type-post","status-publish","format-standard","has-post-thumbnail","hentry","category-congreso"],"_links":{"self":[{"href":"https:\/\/www.interaccionnoticias.com.mx\/index.php?rest_route=\/wp\/v2\/posts\/86706","targetHints":{"allow":["GET"]}}],"collection":[{"href":"https:\/\/www.interaccionnoticias.com.mx\/index.php?rest_route=\/wp\/v2\/posts"}],"about":[{"href":"https:\/\/www.interaccionnoticias.com.mx\/index.php?rest_route=\/wp\/v2\/types\/post"}],"author":[{"embeddable":true,"href":"https:\/\/www.interaccionnoticias.com.mx\/index.php?rest_route=\/wp\/v2\/users\/21"}],"replies":[{"embeddable":true,"href":"https:\/\/www.interaccionnoticias.com.mx\/index.php?rest_route=%2Fwp%2Fv2%2Fcomments&post=86706"}],"version-history":[{"count":1,"href":"https:\/\/www.interaccionnoticias.com.mx\/index.php?rest_route=\/wp\/v2\/posts\/86706\/revisions"}],"predecessor-version":[{"id":86708,"href":"https:\/\/www.interaccionnoticias.com.mx\/index.php?rest_route=\/wp\/v2\/posts\/86706\/revisions\/86708"}],"wp:featuredmedia":[{"embeddable":true,"href":"https:\/\/www.interaccionnoticias.com.mx\/index.php?rest_route=\/wp\/v2\/media\/86707"}],"wp:attachment":[{"href":"https:\/\/www.interaccionnoticias.com.mx\/index.php?rest_route=%2Fwp%2Fv2%2Fmedia&parent=86706"}],"wp:term":[{"taxonomy":"category","embeddable":true,"href":"https:\/\/www.interaccionnoticias.com.mx\/index.php?rest_route=%2Fwp%2Fv2%2Fcategories&post=86706"},{"taxonomy":"post_tag","embeddable":true,"href":"https:\/\/www.interaccionnoticias.com.mx\/index.php?rest_route=%2Fwp%2Fv2%2Ftags&post=86706"}],"curies":[{"name":"wp","href":"https:\/\/api.w.org\/{rel}","templated":true}]}}