{"id":8667,"date":"2017-09-28T20:03:29","date_gmt":"2017-09-29T01:03:29","guid":{"rendered":"http:\/\/www.inter-accion.com.mx\/?p=8667"},"modified":"2017-09-28T20:03:29","modified_gmt":"2017-09-29T01:03:29","slug":"saldo-blanco-en-iguala-tras-el-tercer-aniversario-de-la-desaparicion-de-los-43","status":"publish","type":"post","link":"https:\/\/www.interaccionnoticias.com.mx\/?p=8667","title":{"rendered":"Saldo blanco en Iguala, tras el tercer aniversario de la desaparici\u00f3n de los 43"},"content":{"rendered":"<p>El alcalde de Iguala, Her\u00f3n Delgado Casta\u00f1eda sostuvo que durante los eventos relacionados con el tercer aniversario de la desaparici\u00f3n de los 43 estudiantes de la Normal Rural de Ayozinapa, la ciudad presenta un saldo completamente blanco, pues no se generaron disturbios.<br \/>\nEn Chilpancingo, Delgado Casta\u00f1eda sostiene que nunca asumi\u00f3 como una prueba el tercer aniversario de los ataques cometidos en contra de los estudiantes de la Normal Rural Ra\u00fal Isidro Burgos.<br \/>\nManifest\u00f3 que en la din\u00e1mica de la protesta social, lo mejor que pueden hacer las autoridades es platicar con los inconformes.<br \/>\nA pregunta expresa, dijo que en estos momentos, una vez que pasaron las jornadas del 26 y 27 de septiembre, en Iguala de la Independencia lo que se asume es que hubo un saldo \u201ccompletamente blanco\u201d.<br \/>\n\u201cTodo est\u00e1 tranquilo y con mucha paz\u201d, asumi\u00f3 en la breve entrevista que otorg\u00f3 en Chilpancingo.&nbsp;&nbsp;&nbsp;<\/p>\n","protected":false},"excerpt":{"rendered":"<p>El alcalde de Iguala, Her\u00f3n Delgado Casta\u00f1eda sostuvo que durante los eventos relacionados con el tercer aniversario de la desaparici\u00f3n de los 43 estudiantes de la Normal Rural de Ayozinapa,&hellip; <\/p>\n","protected":false},"author":1,"featured_media":0,"comment_status":"closed","ping_status":"closed","sticky":false,"template":"","format":"standard","meta":{"fifu_image_url":"","fifu_image_alt":"","footnotes":""},"categories":[8,23],"tags":[],"class_list":["post-8667","post","type-post","status-publish","format-standard","hentry","category-featured","category-regionales"],"_links":{"self":[{"href":"https:\/\/www.interaccionnoticias.com.mx\/index.php?rest_route=\/wp\/v2\/posts\/8667","targetHints":{"allow":["GET"]}}],"collection":[{"href":"https:\/\/www.interaccionnoticias.com.mx\/index.php?rest_route=\/wp\/v2\/posts"}],"about":[{"href":"https:\/\/www.interaccionnoticias.com.mx\/index.php?rest_route=\/wp\/v2\/types\/post"}],"author":[{"embeddable":true,"href":"https:\/\/www.interaccionnoticias.com.mx\/index.php?rest_route=\/wp\/v2\/users\/1"}],"replies":[{"embeddable":true,"href":"https:\/\/www.interaccionnoticias.com.mx\/index.php?rest_route=%2Fwp%2Fv2%2Fcomments&post=8667"}],"version-history":[{"count":0,"href":"https:\/\/www.interaccionnoticias.com.mx\/index.php?rest_route=\/wp\/v2\/posts\/8667\/revisions"}],"wp:attachment":[{"href":"https:\/\/www.interaccionnoticias.com.mx\/index.php?rest_route=%2Fwp%2Fv2%2Fmedia&parent=8667"}],"wp:term":[{"taxonomy":"category","embeddable":true,"href":"https:\/\/www.interaccionnoticias.com.mx\/index.php?rest_route=%2Fwp%2Fv2%2Fcategories&post=8667"},{"taxonomy":"post_tag","embeddable":true,"href":"https:\/\/www.interaccionnoticias.com.mx\/index.php?rest_route=%2Fwp%2Fv2%2Ftags&post=8667"}],"curies":[{"name":"wp","href":"https:\/\/api.w.org\/{rel}","templated":true}]}}