{"id":86653,"date":"2025-01-21T19:28:02","date_gmt":"2025-01-22T01:28:02","guid":{"rendered":"https:\/\/www.interaccionnoticias.com.mx\/?p=86653"},"modified":"2025-01-21T19:28:04","modified_gmt":"2025-01-22T01:28:04","slug":"colectivo-reporta-mas-de-50-casos-de-desaparicion-forzada-en-la-montana-de-2016-a-la-fecha","status":"publish","type":"post","link":"https:\/\/www.interaccionnoticias.com.mx\/?p=86653","title":{"rendered":"Colectivo reporta m\u00e1s de 50 casos de desaparici\u00f3n forzada en la Monta\u00f1a, de 2016 a la fecha"},"content":{"rendered":"\n<p><strong><em>&#8212; Representante de \u201cLuci\u00e9rnagas\u201d lamenta la infuncionalidad de la estrategia contra la violencia<\/em><\/strong><\/p>\n\n\n\n<p><strong>Dassaev T\u00e9llez Adame<\/strong><\/p>\n\n\n\n<p>El Colectivo de Desaparecidos &#8216;Luci\u00e9rnagas&#8217; ha registrado, desde el a\u00f1o 2016 a la fecha, m\u00e1s de cincuenta casos de desaparici\u00f3n forzada en la regi\u00f3n de la monta\u00f1a, inform\u00f3 la abogada Neil Arias Vitinio.<\/p>\n\n\n\n<p>En entrevista, la abogada del Centro de Derechos Humanos &#8216;Tlachinollan&#8217;, dio a conocer que estos datos son de los que tiene registro, \u00absin embargo, hay muchos m\u00e1s\u00bb, pero derivado de la inseguridad en la regi\u00f3n, las familias optan por no denunciar y callar los casos.<\/p>\n\n\n\n<p>Eso provoca una cifra negra que impide tener una dimensi\u00f3n real del problema.<\/p>\n\n\n\n<p>Record\u00f3 que desde el a\u00f1o 2016, en esa zona de Guerrero, los grupos delictivos han incrementado sus actividades, por lo que el n\u00famero de casos de desaparecidos va en aumento, adem\u00e1s de que las familias que integran el Colectivo &#8216;Las Luci\u00e9rnagas&#8217;, desde el a\u00f1o 2019 y a ra\u00edz de la desaparici\u00f3n y asesinato del luchador social Arnulfo Ceron Soriano, iniciaron trabajos de b\u00fasqueda de personas desaparecidas.<\/p>\n\n\n\n<p>Tambi\u00e9n, Arias Vitinio reproch\u00f3 que desde esa fecha y gracias al esfuerzo de las familias, han encontrado m\u00faltiples restos \u00f3seos que contin\u00faan sin ser entregados a sus familiares, derivado de la falta de trabajo de la Fiscal\u00eda General del Estado (FGE) y el Servicio M\u00e9dico Forense (SEMEFO), adem\u00e1s de que son deficientes en los temas de la identificaci\u00f3n de cuerpos.<\/p>\n\n\n\n<p>Reclamando que, hasta el momento, siguen sin ser procesados 113 restos que este colectivo ha localizado en sus distintas jornadas de b\u00fasqueda.<\/p>\n\n\n\n<p>Indic\u00f3 que a tan solo tres familias de este colectivo les han sido entregados los restos de sus seres queridos, por eso es que hizo un llamado a todas las instituciones que se encargan de la b\u00fasqueda e identificaci\u00f3n de los restos, para que se coordinen para agilizar la localizaci\u00f3n y entrega de cuerpos que son buscados por sus familias.<\/p>\n","protected":false},"excerpt":{"rendered":"<p>&#8212; Representante de \u201cLuci\u00e9rnagas\u201d lamenta la infuncionalidad de la estrategia contra la violencia Dassaev T\u00e9llez Adame El Colectivo de Desaparecidos &#8216;Luci\u00e9rnagas&#8217; ha registrado, desde el a\u00f1o 2016 a la fecha,&hellip; <\/p>\n","protected":false},"author":9,"featured_media":86654,"comment_status":"open","ping_status":"open","sticky":false,"template":"","format":"standard","meta":{"fifu_image_url":"","fifu_image_alt":"","footnotes":""},"categories":[15],"tags":[],"class_list":["post-86653","post","type-post","status-publish","format-standard","has-post-thumbnail","hentry","category-movimientos-sociales"],"_links":{"self":[{"href":"https:\/\/www.interaccionnoticias.com.mx\/index.php?rest_route=\/wp\/v2\/posts\/86653","targetHints":{"allow":["GET"]}}],"collection":[{"href":"https:\/\/www.interaccionnoticias.com.mx\/index.php?rest_route=\/wp\/v2\/posts"}],"about":[{"href":"https:\/\/www.interaccionnoticias.com.mx\/index.php?rest_route=\/wp\/v2\/types\/post"}],"author":[{"embeddable":true,"href":"https:\/\/www.interaccionnoticias.com.mx\/index.php?rest_route=\/wp\/v2\/users\/9"}],"replies":[{"embeddable":true,"href":"https:\/\/www.interaccionnoticias.com.mx\/index.php?rest_route=%2Fwp%2Fv2%2Fcomments&post=86653"}],"version-history":[{"count":1,"href":"https:\/\/www.interaccionnoticias.com.mx\/index.php?rest_route=\/wp\/v2\/posts\/86653\/revisions"}],"predecessor-version":[{"id":86655,"href":"https:\/\/www.interaccionnoticias.com.mx\/index.php?rest_route=\/wp\/v2\/posts\/86653\/revisions\/86655"}],"wp:featuredmedia":[{"embeddable":true,"href":"https:\/\/www.interaccionnoticias.com.mx\/index.php?rest_route=\/wp\/v2\/media\/86654"}],"wp:attachment":[{"href":"https:\/\/www.interaccionnoticias.com.mx\/index.php?rest_route=%2Fwp%2Fv2%2Fmedia&parent=86653"}],"wp:term":[{"taxonomy":"category","embeddable":true,"href":"https:\/\/www.interaccionnoticias.com.mx\/index.php?rest_route=%2Fwp%2Fv2%2Fcategories&post=86653"},{"taxonomy":"post_tag","embeddable":true,"href":"https:\/\/www.interaccionnoticias.com.mx\/index.php?rest_route=%2Fwp%2Fv2%2Ftags&post=86653"}],"curies":[{"name":"wp","href":"https:\/\/api.w.org\/{rel}","templated":true}]}}